{"id":4233,"date":"2012-06-27T11:42:44","date_gmt":"2012-06-27T09:42:44","guid":{"rendered":"http:\/\/www.tucomarca.com\/wordpress\/segunda\/?p=4233"},"modified":"2012-06-27T11:42:44","modified_gmt":"2012-06-27T09:42:44","slug":"267-personas-participan-este-ano-en-el-ascenso-nocturno-al-motroton-organizado-por-el-grupo-excursionista-atava-de-yatova","status":"publish","type":"post","link":"https:\/\/www.tucomarca.com\/wordpress\/segunda\/267-personas-participan-este-ano-en-el-ascenso-nocturno-al-motroton-organizado-por-el-grupo-excursionista-atava-de-yatova\/","title":{"rendered":"267 personas participan este a\u00f1o en el ascenso nocturno al Motrot\u00f3n organizado por el grupo excursionista \u00c1tava de Y\u00e1tova"},"content":{"rendered":"<p>Este pasado s\u00e1bado se desarroll\u00f3 la quinta subida nocturna al Motrot\u00f3n en la poblaci\u00f3n de Y\u00e1tova, organizada por el Grupo Excursionista de Monta\u00f1a \u00c1tava (GEMA). Desde bien entrada la ma\u00f1ana comenz\u00f3 la jornada con un buen almuerzo yatovero (ensaladas, torta taj\u00e1,\u00a0 etc\u00e9tera), continuando con \u00abLa chop\u00e1\u00bb, donde se lanzaron m\u00e1s de 1.000 globos llenos de agua, para que todos los ni\u00f1os y j\u00f3venes presentes se refrescaran ante tan acalorado d\u00eda, tal como han explicado fuentes de la organizaci\u00f3n.<\/p>\n<p>La tarde continu\u00f3 con \u00abla apunt\u00e1\u00bb del resto de participantes,\u00a0 para posteriormente comenzar el ascenso al Motrot\u00f3n, iniciativa calificada como \u00abtodo un \u00e9xito de asistencia, contando la existencia de grandes eventos deportivos y la fiesta de San Juan, ya que nada menos que 267 amigos, simpatizantes y socios, comenzaron la marcha por el centro de la poblaci\u00f3n, para llegar finalmente la cumbre a la hora de la cena, donde los asistentes se deleitaban con sus mejores manjares caseros (bocatas, tuppers de ensalada, tapas, vino), y donde el grupo GEMA reparti\u00f3 antes del descenso, su ya t\u00edpico cafetico de termo y torta yatovera\u00bb, tal como han explicado desde la organizaci\u00f3n.<\/p>\n","protected":false},"excerpt":{"rendered":"<div class=\"mh-excerpt\">Este pasado s\u00e1bado se desarroll\u00f3 la quinta subida nocturna al Motrot\u00f3n en la poblaci\u00f3n de Y\u00e1tova, organizada por el Grupo Excursionista de Monta\u00f1a \u00c1tava (GEMA). Desde bien entrada la ma\u00f1ana comenz\u00f3 la jornada con un <a class=\"mh-excerpt-more\" href=\"https:\/\/www.tucomarca.com\/wordpress\/segunda\/267-personas-participan-este-ano-en-el-ascenso-nocturno-al-motroton-organizado-por-el-grupo-excursionista-atava-de-yatova\/\" title=\"267 personas participan este a\u00f1o en el ascenso nocturno al Motrot\u00f3n organizado por el grupo excursionista \u00c1tava de Y\u00e1tova\">[+] <\/a><\/div>\n","protected":false},"author":1,"featured_media":4234,"comment_status":"open","ping_status":"open","sticky":false,"template":"","format":"standard","meta":{"footnotes":""},"categories":[10,5,117,3,45,11],"tags":[],"class_list":{"0":"post-4233","1":"post","2":"type-post","3":"status-publish","4":"format-standard","5":"has-post-thumbnail","7":"category-la-hoya","8":"category-la-semana-en-imagenes","9":"category-medio-ambiente-la-comarca","10":"category-seccion","11":"category-ventana","12":"category-yatova"},"_links":{"self":[{"href":"https:\/\/www.tucomarca.com\/wordpress\/segunda\/wp-json\/wp\/v2\/posts\/4233","targetHints":{"allow":["GET"]}}],"collection":[{"href":"https:\/\/www.tucomarca.com\/wordpress\/segunda\/wp-json\/wp\/v2\/posts"}],"about":[{"href":"https:\/\/www.tucomarca.com\/wordpress\/segunda\/wp-json\/wp\/v2\/types\/post"}],"author":[{"embeddable":true,"href":"https:\/\/www.tucomarca.com\/wordpress\/segunda\/wp-json\/wp\/v2\/users\/1"}],"replies":[{"embeddable":true,"href":"https:\/\/www.tucomarca.com\/wordpress\/segunda\/wp-json\/wp\/v2\/comments?post=4233"}],"version-history":[{"count":0,"href":"https:\/\/www.tucomarca.com\/wordpress\/segunda\/wp-json\/wp\/v2\/posts\/4233\/revisions"}],"wp:featuredmedia":[{"embeddable":true,"href":"https:\/\/www.tucomarca.com\/wordpress\/segunda\/wp-json\/wp\/v2\/media\/4234"}],"wp:attachment":[{"href":"https:\/\/www.tucomarca.com\/wordpress\/segunda\/wp-json\/wp\/v2\/media?parent=4233"}],"wp:term":[{"taxonomy":"category","embeddable":true,"href":"https:\/\/www.tucomarca.com\/wordpress\/segunda\/wp-json\/wp\/v2\/categories?post=4233"},{"taxonomy":"post_tag","embeddable":true,"href":"https:\/\/www.tucomarca.com\/wordpress\/segunda\/wp-json\/wp\/v2\/tags?post=4233"}],"curies":[{"name":"wp","href":"https:\/\/api.w.org\/{rel}","templated":true}]}}