{"id":42403,"date":"2015-12-04T14:35:13","date_gmt":"2015-12-04T11:35:13","guid":{"rendered":"http:\/\/www.tucomarca.com\/wordpress\/segunda\/?p=42403"},"modified":"2015-12-04T14:35:13","modified_gmt":"2015-12-04T11:35:13","slug":"torneo-comarcal-de-futbol-sala-en-bunol","status":"publish","type":"post","link":"https:\/\/www.tucomarca.com\/wordpress\/segunda\/torneo-comarcal-de-futbol-sala-en-bunol\/","title":{"rendered":"Torneo comarcal de f\u00fatbol sala en Bu\u00f1ol"},"content":{"rendered":"<p>Bu\u00f1ol acoge el martes 8 de diciembreel Torneo de Campeones de F\u00fatbol Sala de la Mancomunidad Hoya de Bu\u00f1ol-Chiva, una iniciativa que busca estrechar los lazos de uni\u00f3n de los pueblos que pertenecen a ella, \u201cy que surgi\u00f3 a ra\u00edz de las olimpiadas de ni\u00f1os, pues entend\u00edamos que los adultos tambi\u00e9n pod\u00edan participar de iniciativas comarcales\u201d, explica la edil de Deportes de Bu\u00f1ol, Marta P\u00e9rez.<br \/>\n\u201cLa cita deportiva se ha hecho coincidir con el fin de semana de descanso de las ligas regulares y en ella participar\u00e1n los campeones de las ligas de verano de Chiva, Cheste, Godelleta, Tur\u00eds, Y\u00e1tova, Macastre y Bu\u00f1ol. El torneo se desarrollar\u00e1 en esta \u00faltima poblaci\u00f3n durante todo el d\u00eda, por lo que se ha decidido ubicar tambi\u00e9n servicio de barra. La idea es realizar una paella al mediod\u00eda para los equipos participantes, as\u00ed como invitar a los alcaldes de los municipios participantes\u201d, detalla Marta P\u00e9rez.<br \/>\nLejos de dejar aqu\u00ed la idea de comarcalizar la actividad deportiva, los ediles del ramo se han propuesto desarrollar en el futuro m\u00e1s iniciativas encaminadas tanto a potenciar el ejercicio como a que los pueblos est\u00e9n m\u00e1s unidos.<br \/>\nA pesar de que a d\u00eda de hoy Bu\u00f1ol no pertenece a la Mancomunidad, \u201ccon proyectos como \u00e9ste se confirma que estamos muy involucrados con nuestra comarca\u201d, a\u00f1ade la edil. <\/p>\n","protected":false},"excerpt":{"rendered":"<div class=\"mh-excerpt\">Bu\u00f1ol acoge el martes 8 de diciembreel Torneo de Campeones de F\u00fatbol Sala de la Mancomunidad Hoya de Bu\u00f1ol-Chiva, una iniciativa que busca estrechar los lazos de uni\u00f3n de los pueblos que pertenecen a ella, <a class=\"mh-excerpt-more\" href=\"https:\/\/www.tucomarca.com\/wordpress\/segunda\/torneo-comarcal-de-futbol-sala-en-bunol\/\" title=\"Torneo comarcal de f\u00fatbol sala en Bu\u00f1ol\">[+] <\/a><\/div>\n","protected":false},"author":2,"featured_media":0,"comment_status":"open","ping_status":"open","sticky":false,"template":"","format":"standard","meta":{"footnotes":""},"categories":[4,18,6,222,10,3],"tags":[10385,3112,9588,288,935],"class_list":{"0":"post-42403","1":"post","2":"type-post","3":"status-publish","4":"format-standard","6":"category-agenda","7":"category-bunol","8":"category-deportes","9":"category-futbol-sala","10":"category-la-hoya","11":"category-seccion","12":"tag-bunol","13":"tag-comarcal","14":"tag-dia-8","15":"tag-futbol-sala-2","16":"tag-torneo"},"_links":{"self":[{"href":"https:\/\/www.tucomarca.com\/wordpress\/segunda\/wp-json\/wp\/v2\/posts\/42403","targetHints":{"allow":["GET"]}}],"collection":[{"href":"https:\/\/www.tucomarca.com\/wordpress\/segunda\/wp-json\/wp\/v2\/posts"}],"about":[{"href":"https:\/\/www.tucomarca.com\/wordpress\/segunda\/wp-json\/wp\/v2\/types\/post"}],"author":[{"embeddable":true,"href":"https:\/\/www.tucomarca.com\/wordpress\/segunda\/wp-json\/wp\/v2\/users\/2"}],"replies":[{"embeddable":true,"href":"https:\/\/www.tucomarca.com\/wordpress\/segunda\/wp-json\/wp\/v2\/comments?post=42403"}],"version-history":[{"count":0,"href":"https:\/\/www.tucomarca.com\/wordpress\/segunda\/wp-json\/wp\/v2\/posts\/42403\/revisions"}],"wp:attachment":[{"href":"https:\/\/www.tucomarca.com\/wordpress\/segunda\/wp-json\/wp\/v2\/media?parent=42403"}],"wp:term":[{"taxonomy":"category","embeddable":true,"href":"https:\/\/www.tucomarca.com\/wordpress\/segunda\/wp-json\/wp\/v2\/categories?post=42403"},{"taxonomy":"post_tag","embeddable":true,"href":"https:\/\/www.tucomarca.com\/wordpress\/segunda\/wp-json\/wp\/v2\/tags?post=42403"}],"curies":[{"name":"wp","href":"https:\/\/api.w.org\/{rel}","templated":true}]}}