{"id":42414,"date":"2015-12-04T21:02:39","date_gmt":"2015-12-04T18:02:39","guid":{"rendered":"http:\/\/www.tucomarca.com\/wordpress\/segunda\/?p=42414"},"modified":"2015-12-04T21:02:39","modified_gmt":"2015-12-04T18:02:39","slug":"torneo-de-gimnasia-ritmica-en-bunol","status":"publish","type":"post","link":"https:\/\/www.tucomarca.com\/wordpress\/segunda\/torneo-de-gimnasia-ritmica-en-bunol\/","title":{"rendered":"Torneo de gimnasia r\u00edtmica en Bu\u00f1ol"},"content":{"rendered":"<p>El pabell\u00f3n polideportivo de El Planell acoge este s\u00e1bado 5 de diciembre el Torneo Nacional de Gimnasia R\u00edtmica. El evento comenzar\u00e1 por la ma\u00f1ana y se prolongar\u00e1 durante todo el d\u00eda. La cita ha sido organizada por el club de gimnasia r\u00edtmica Bu\u00f1ol, Tur\u00eds-Cheste.<\/p>\n","protected":false},"excerpt":{"rendered":"<div class=\"mh-excerpt\">El pabell\u00f3n polideportivo de El Planell acoge este s\u00e1bado 5 de diciembre el Torneo Nacional de Gimnasia R\u00edtmica. El evento comenzar\u00e1 por la ma\u00f1ana y se prolongar\u00e1 durante todo el d\u00eda. La cita ha sido <a class=\"mh-excerpt-more\" href=\"https:\/\/www.tucomarca.com\/wordpress\/segunda\/torneo-de-gimnasia-ritmica-en-bunol\/\" title=\"Torneo de gimnasia r\u00edtmica en Bu\u00f1ol\">[+] <\/a><\/div>\n","protected":false},"author":2,"featured_media":0,"comment_status":"open","ping_status":"open","sticky":false,"template":"","format":"standard","meta":{"footnotes":""},"categories":[4,3],"tags":[10385,388,2173,935],"class_list":{"0":"post-42414","1":"post","2":"type-post","3":"status-publish","4":"format-standard","6":"category-agenda","7":"category-seccion","8":"tag-bunol","9":"tag-gimnasia","10":"tag-ritmica","11":"tag-torneo"},"_links":{"self":[{"href":"https:\/\/www.tucomarca.com\/wordpress\/segunda\/wp-json\/wp\/v2\/posts\/42414","targetHints":{"allow":["GET"]}}],"collection":[{"href":"https:\/\/www.tucomarca.com\/wordpress\/segunda\/wp-json\/wp\/v2\/posts"}],"about":[{"href":"https:\/\/www.tucomarca.com\/wordpress\/segunda\/wp-json\/wp\/v2\/types\/post"}],"author":[{"embeddable":true,"href":"https:\/\/www.tucomarca.com\/wordpress\/segunda\/wp-json\/wp\/v2\/users\/2"}],"replies":[{"embeddable":true,"href":"https:\/\/www.tucomarca.com\/wordpress\/segunda\/wp-json\/wp\/v2\/comments?post=42414"}],"version-history":[{"count":0,"href":"https:\/\/www.tucomarca.com\/wordpress\/segunda\/wp-json\/wp\/v2\/posts\/42414\/revisions"}],"wp:attachment":[{"href":"https:\/\/www.tucomarca.com\/wordpress\/segunda\/wp-json\/wp\/v2\/media?parent=42414"}],"wp:term":[{"taxonomy":"category","embeddable":true,"href":"https:\/\/www.tucomarca.com\/wordpress\/segunda\/wp-json\/wp\/v2\/categories?post=42414"},{"taxonomy":"post_tag","embeddable":true,"href":"https:\/\/www.tucomarca.com\/wordpress\/segunda\/wp-json\/wp\/v2\/tags?post=42414"}],"curies":[{"name":"wp","href":"https:\/\/api.w.org\/{rel}","templated":true}]}}