{"id":42418,"date":"2015-12-04T21:03:22","date_gmt":"2015-12-04T18:03:22","guid":{"rendered":"http:\/\/www.tucomarca.com\/wordpress\/segunda\/?p=42418"},"modified":"2015-12-04T21:03:33","modified_gmt":"2015-12-04T18:03:33","slug":"finaliza-la-primera-semana-de-la-salud","status":"publish","type":"post","link":"https:\/\/www.tucomarca.com\/wordpress\/segunda\/finaliza-la-primera-semana-de-la-salud\/","title":{"rendered":"Finaliza la primera semana de la salud de Tur\u00eds"},"content":{"rendered":"<p>Este viernes 4 finalizan las actividades enmarcadas en la I Semana de la Salud organizada en Tur\u00eds. De 8 a 9 horas se celebrar\u00e1 una caminata, a las 9,30 horas un desayuno solidario, mientras que a las 10,30 comenzar\u00e1 la jornada de puertas abiertas en el Centro de Salud a fin de que los vecinos lo conozcan m\u00e1s.<\/p>\n","protected":false},"excerpt":{"rendered":"<div class=\"mh-excerpt\">Este viernes 4 finalizan las actividades enmarcadas en la I Semana de la Salud organizada en Tur\u00eds. De 8 a 9 horas se celebrar\u00e1 una caminata, a las 9,30 horas un desayuno solidario, mientras que <a class=\"mh-excerpt-more\" href=\"https:\/\/www.tucomarca.com\/wordpress\/segunda\/finaliza-la-primera-semana-de-la-salud\/\" title=\"Finaliza la primera semana de la salud de Tur\u00eds\">[+] <\/a><\/div>\n","protected":false},"author":2,"featured_media":0,"comment_status":"open","ping_status":"open","sticky":false,"template":"","format":"standard","meta":{"footnotes":""},"categories":[72],"tags":[],"class_list":{"0":"post-42418","1":"post","2":"type-post","3":"status-publish","4":"format-standard","6":"category-sin-categorizar"},"_links":{"self":[{"href":"https:\/\/www.tucomarca.com\/wordpress\/segunda\/wp-json\/wp\/v2\/posts\/42418","targetHints":{"allow":["GET"]}}],"collection":[{"href":"https:\/\/www.tucomarca.com\/wordpress\/segunda\/wp-json\/wp\/v2\/posts"}],"about":[{"href":"https:\/\/www.tucomarca.com\/wordpress\/segunda\/wp-json\/wp\/v2\/types\/post"}],"author":[{"embeddable":true,"href":"https:\/\/www.tucomarca.com\/wordpress\/segunda\/wp-json\/wp\/v2\/users\/2"}],"replies":[{"embeddable":true,"href":"https:\/\/www.tucomarca.com\/wordpress\/segunda\/wp-json\/wp\/v2\/comments?post=42418"}],"version-history":[{"count":0,"href":"https:\/\/www.tucomarca.com\/wordpress\/segunda\/wp-json\/wp\/v2\/posts\/42418\/revisions"}],"wp:attachment":[{"href":"https:\/\/www.tucomarca.com\/wordpress\/segunda\/wp-json\/wp\/v2\/media?parent=42418"}],"wp:term":[{"taxonomy":"category","embeddable":true,"href":"https:\/\/www.tucomarca.com\/wordpress\/segunda\/wp-json\/wp\/v2\/categories?post=42418"},{"taxonomy":"post_tag","embeddable":true,"href":"https:\/\/www.tucomarca.com\/wordpress\/segunda\/wp-json\/wp\/v2\/tags?post=42418"}],"curies":[{"name":"wp","href":"https:\/\/api.w.org\/{rel}","templated":true}]}}