{"id":42494,"date":"2015-12-09T14:25:19","date_gmt":"2015-12-09T11:25:19","guid":{"rendered":"http:\/\/www.tucomarca.com\/wordpress\/segunda\/?p=42494"},"modified":"2015-12-09T14:25:19","modified_gmt":"2015-12-09T11:25:19","slug":"requena-acoge-la-jornada-de-formacion-del-programa-agente-tutor","status":"publish","type":"post","link":"https:\/\/www.tucomarca.com\/wordpress\/segunda\/requena-acoge-la-jornada-de-formacion-del-programa-agente-tutor\/","title":{"rendered":"Requena acoge la jornada de formaci\u00f3n del programa Agente Tutor"},"content":{"rendered":"<p>Este jueves se va a desarrollar en Requena la jornada Agente Tutor, una herramienta para la prevenci\u00f3n de las drogodependencias en Requena subvencionada por la Federaci\u00f3n Espa\u00f1ola de Municipios y Provincias (FEMP) y la Delegaci\u00f3n del Gobierno para el Plan Nacional Sobre Drogas.<\/p>\n<p>El programa Agente Tutor es un servicio de la Polic\u00eda Local especializado en la promoci\u00f3n del respeto a los derechos de la infancia y su intervenci\u00f3n se centra en el \u00e1mbito de la prevenci\u00f3n y protecci\u00f3n del menor, en estrecha colaboraci\u00f3n con la comunidad educativa y en coordinaci\u00f3n con el resto de profesionales municipales.<\/p>\n<p>El Protocolo Marco del programa centra su atenci\u00f3n en las actuaciones que tienen que ver con situaciones relacionadas con el entorno escolar, como la prevenci\u00f3n de las drogodependencias, el absentismo escolar o la violencia entre iguales. <\/p>\n<p>Tambi\u00e9n abarca todo tipo de problem\u00e1ticas detectadas en el medio abierto, como el consumo en la v\u00eda p\u00fablica o la venta de alcohol y tabaco a menores en locales y establecimientos p\u00fablicos. Tiene tambi\u00e9n en cuenta otras incidencias que acontecen en el \u00e1mbito de las tecnolog\u00edas de la informaci\u00f3n y la comunicaci\u00f3n.<\/p>\n<p>Para su implantaci\u00f3n en el municipio Requena, los d\u00edas 25, 26 y 27 de noviembre, se formaron de manera espec\u00edfica, a dos polic\u00edas municipales en el curso a nivel nacional que realiza la FEMP.<\/p>\n<p> Adem\u00e1s, y para que el resto de polic\u00edas locales tengan una formaci\u00f3n general, docentes especializados en la formaci\u00f3n de Agentes Tutores, se desplazar\u00e1n en este jueves 10 de diciembre a  Requena para impartir durante 8 horas, de 10.00 a 14.30 y de 16.00 a 19.30 horas, nociones generales a 7 agentes de Requena y 7 del vecino municipio de Utiel y otros cuatro de Bu\u00f1ol.<\/p>\n<p>Una vez finalizada la formaci\u00f3n, se ha habilitado un n\u00famero de tel\u00e9fono m\u00f3vil con WhatsApp espec\u00edfico para aquellos que quieran ponerse en contacto con los Agentes Tutores. Para dar a conocer el n\u00famero se van a repartir 5.000 bol\u00edgrafos a toda la comunidad educativa (alumnos, padres y madres y profesores) con dicho n\u00famero de WhatsApp.<\/p>\n","protected":false},"excerpt":{"rendered":"<div class=\"mh-excerpt\">Este jueves se va a desarrollar en Requena la jornada Agente Tutor, una herramienta para la prevenci\u00f3n de las drogodependencias en Requena subvencionada por la Federaci\u00f3n Espa\u00f1ola de Municipios y Provincias (FEMP) y la Delegaci\u00f3n <a class=\"mh-excerpt-more\" href=\"https:\/\/www.tucomarca.com\/wordpress\/segunda\/requena-acoge-la-jornada-de-formacion-del-programa-agente-tutor\/\" title=\"Requena acoge la jornada de formaci\u00f3n del programa Agente Tutor\">[+] <\/a><\/div>\n","protected":false},"author":2,"featured_media":0,"comment_status":"open","ping_status":"open","sticky":false,"template":"","format":"standard","meta":{"footnotes":""},"categories":[8,28,27,3],"tags":[9619,1139,10388,9620],"class_list":{"0":"post-42494","1":"post","2":"type-post","3":"status-publish","4":"format-standard","6":"category-la-comarca","7":"category-requena","8":"category-requena-utiel","9":"category-seccion","10":"tag-agente","11":"tag-jornada","12":"tag-requena","13":"tag-tutor"},"_links":{"self":[{"href":"https:\/\/www.tucomarca.com\/wordpress\/segunda\/wp-json\/wp\/v2\/posts\/42494","targetHints":{"allow":["GET"]}}],"collection":[{"href":"https:\/\/www.tucomarca.com\/wordpress\/segunda\/wp-json\/wp\/v2\/posts"}],"about":[{"href":"https:\/\/www.tucomarca.com\/wordpress\/segunda\/wp-json\/wp\/v2\/types\/post"}],"author":[{"embeddable":true,"href":"https:\/\/www.tucomarca.com\/wordpress\/segunda\/wp-json\/wp\/v2\/users\/2"}],"replies":[{"embeddable":true,"href":"https:\/\/www.tucomarca.com\/wordpress\/segunda\/wp-json\/wp\/v2\/comments?post=42494"}],"version-history":[{"count":0,"href":"https:\/\/www.tucomarca.com\/wordpress\/segunda\/wp-json\/wp\/v2\/posts\/42494\/revisions"}],"wp:attachment":[{"href":"https:\/\/www.tucomarca.com\/wordpress\/segunda\/wp-json\/wp\/v2\/media?parent=42494"}],"wp:term":[{"taxonomy":"category","embeddable":true,"href":"https:\/\/www.tucomarca.com\/wordpress\/segunda\/wp-json\/wp\/v2\/categories?post=42494"},{"taxonomy":"post_tag","embeddable":true,"href":"https:\/\/www.tucomarca.com\/wordpress\/segunda\/wp-json\/wp\/v2\/tags?post=42494"}],"curies":[{"name":"wp","href":"https:\/\/api.w.org\/{rel}","templated":true}]}}