{"id":4254,"date":"2012-06-27T14:10:31","date_gmt":"2012-06-27T12:10:31","guid":{"rendered":"http:\/\/www.tucomarca.com\/wordpress\/segunda\/?p=4254"},"modified":"2012-06-27T14:10:31","modified_gmt":"2012-06-27T12:10:31","slug":"adif-da-por-finalizadas-las-obras-del-paso-a-nivel-entre-el-camino-de-ferrajon-y-la-a3-en-bunol","status":"publish","type":"post","link":"https:\/\/www.tucomarca.com\/wordpress\/segunda\/adif-da-por-finalizadas-las-obras-del-paso-a-nivel-entre-el-camino-de-ferrajon-y-la-a3-en-bunol\/","title":{"rendered":"Adif da por finalizadas las obras del paso a nivel entre el camino de Ferraj\u00f3n y la A3 en Bu\u00f1ol"},"content":{"rendered":"<p>El Administrador de Infraestructuras Ferroviariaras, Adif, ha dado por finalizadas las obras de supresi\u00f3n de un paso a nivel en el t\u00e9rmino municipal de Bu\u00f1ol, situado en el camino del Ferraj\u00f3n, en el punto kilom\u00e9trico 49\/850 de la l\u00ednea f\u00e9rrea convencional Valencia-Utiel-Cuenca; muy pr\u00f3ximo a la Autov\u00eda A3.<\/p>\n<p>Esta actuaci\u00f3n, que ha supuesto una inversi\u00f3n aproximada de 600.000 euros, tiene car\u00e1cter de obra por cuenta del Estado y se realiza con cargo al Contrato Programa suscrito por Adif y la Administraci\u00f3n General del Estado.<\/p>\n<p>\u00abAsimismo, responde al compromiso de Adif de mejorar la seguridad en el ferrocarril, con actuaciones de supresi\u00f3n de pasos a nivel, mejora de la protecci\u00f3n de los mismos y campa\u00f1as de sensibilizaci\u00f3n entre la ciudadan\u00eda\u00bb. tal como han informado desde el Administrador de Infraestructuras Ferroviarias.<\/p>\n<p>Para la supresi\u00f3n del paso a nivel se ha construido un paso superior con dos vanos de 23,9 m de luz en el p.k. 49\/650. El tablero tiene una secci\u00f3n de 9,5 m, distribuidos en una calzada de 6 m, arcenes de 0,5 m y acera peatonal de 1,5 m. El paso superior conecta el camino del Ferraj\u00f3n con la v\u00eda de servicio de la autov\u00eda A-3 sobrevolando el barranco del Gallo.<\/p>\n<p>Las obras reci\u00e9n finalizadas se enmarcan en el proyecto de supresi\u00f3n de tres pasos a nivel en el t\u00e9rmino municipal de Bu\u00f1ol. En este sentido, Adif concluy\u00f3 en 2011 los trabajos de supresi\u00f3n del paso a nivel situado en el Camino del Hondo, en el p.k. 46\/749 de la l\u00ednea convencional Valencia-Utiel-Cuenca, que daba acceso a una peque\u00f1a franja de terreno situada entre las v\u00edas del ferrocarril y una de las v\u00edas de servicio de la A-3. El acceso a dicha franja de terreno se efect\u00faa ahora mediante un camino desde la zona industrial pr\u00f3xima.<\/p>\n","protected":false},"excerpt":{"rendered":"<div class=\"mh-excerpt\">El Administrador de Infraestructuras Ferroviariaras, Adif, ha dado por finalizadas las obras de supresi\u00f3n de un paso a nivel en el t\u00e9rmino municipal de Bu\u00f1ol, situado en el camino del Ferraj\u00f3n, en el punto kilom\u00e9trico <a class=\"mh-excerpt-more\" href=\"https:\/\/www.tucomarca.com\/wordpress\/segunda\/adif-da-por-finalizadas-las-obras-del-paso-a-nivel-entre-el-camino-de-ferrajon-y-la-a3-en-bunol\/\" title=\"Adif da por finalizadas las obras del paso a nivel entre el camino de Ferraj\u00f3n y la A3 en Bu\u00f1ol\">[+] <\/a><\/div>\n","protected":false},"author":1,"featured_media":0,"comment_status":"open","ping_status":"open","sticky":false,"template":"","format":"standard","meta":{"footnotes":""},"categories":[18,128,8,10,3],"tags":[],"class_list":{"0":"post-4254","1":"post","2":"type-post","3":"status-publish","4":"format-standard","6":"category-bunol","7":"category-infraestructuras","8":"category-la-comarca","9":"category-la-hoya","10":"category-seccion"},"_links":{"self":[{"href":"https:\/\/www.tucomarca.com\/wordpress\/segunda\/wp-json\/wp\/v2\/posts\/4254","targetHints":{"allow":["GET"]}}],"collection":[{"href":"https:\/\/www.tucomarca.com\/wordpress\/segunda\/wp-json\/wp\/v2\/posts"}],"about":[{"href":"https:\/\/www.tucomarca.com\/wordpress\/segunda\/wp-json\/wp\/v2\/types\/post"}],"author":[{"embeddable":true,"href":"https:\/\/www.tucomarca.com\/wordpress\/segunda\/wp-json\/wp\/v2\/users\/1"}],"replies":[{"embeddable":true,"href":"https:\/\/www.tucomarca.com\/wordpress\/segunda\/wp-json\/wp\/v2\/comments?post=4254"}],"version-history":[{"count":0,"href":"https:\/\/www.tucomarca.com\/wordpress\/segunda\/wp-json\/wp\/v2\/posts\/4254\/revisions"}],"wp:attachment":[{"href":"https:\/\/www.tucomarca.com\/wordpress\/segunda\/wp-json\/wp\/v2\/media?parent=4254"}],"wp:term":[{"taxonomy":"category","embeddable":true,"href":"https:\/\/www.tucomarca.com\/wordpress\/segunda\/wp-json\/wp\/v2\/categories?post=4254"},{"taxonomy":"post_tag","embeddable":true,"href":"https:\/\/www.tucomarca.com\/wordpress\/segunda\/wp-json\/wp\/v2\/tags?post=4254"}],"curies":[{"name":"wp","href":"https:\/\/api.w.org\/{rel}","templated":true}]}}