{"id":42548,"date":"2015-12-11T16:41:59","date_gmt":"2015-12-11T13:41:59","guid":{"rendered":"http:\/\/www.tucomarca.com\/wordpress\/segunda\/?p=42548"},"modified":"2015-12-11T16:41:59","modified_gmt":"2015-12-11T13:41:59","slug":"anecoop-reconocida-como-empresa-del-ano-2015-en-francia","status":"publish","type":"post","link":"https:\/\/www.tucomarca.com\/wordpress\/segunda\/anecoop-reconocida-como-empresa-del-ano-2015-en-francia\/","title":{"rendered":"Anecoop, reconocida como empresa del a\u00f1o 2015 en Francia"},"content":{"rendered":"<p>El Presidente de Anecoop, Alejandro Monz\u00f3n, recoger\u00e1 el galard\u00f3n el pr\u00f3ximo lunes, 14 de diciembre, de la mano del Embajador de Espa\u00f1a en Francia, Ram\u00f3n de Miguel, y del Presidente de COCEF, Jos\u00e9 Miguel Garc\u00eda, en una gala que se celebrar\u00e1 en el Hotel Intercontinental de Par\u00eds, con la asistencia de casi 200 personas.<\/p>\n<p>Seg\u00fan ha explicado el Presidente de COCEF, Jos\u00e9 Miguel Garc\u00eda, los criterios para distinguir a la cooperativa de segundo grado Anecoop con el premio Empresa del A\u00f1o, responden a que es una de las compa\u00f1\u00edas de referencia en el mercado internacional y est\u00e1 asentada en valores como la calidad y la innovaci\u00f3n, adem\u00e1s de tener una fuerte implantaci\u00f3n en Francia y contribuir a crear una imagen positiva de Espa\u00f1a en Francia.<\/p>\n<p>Cabe destacar que la filial francesa del Grupo puso en marcha, a principios de este a\u00f1o, una nueva estructura empresarial dedicada exclusivamente a la comercializaci\u00f3n de productos \u201cbio\u201d, Solagora SAS. En este sentido, el Presidente de COCEF ha se\u00f1alado: \u201cAnecoop cumple sobradamente con todos los requisitos para optar a este reconocimiento, pero adem\u00e1s entre sus valores destaca su compromiso por el desarrollo de sistemas de producci\u00f3n respetuosos con el medio ambiente y con el fomento de la agricultura ecol\u00f3gica en materia de lucha contra el cambio clim\u00e1tico, una apuesta estrat\u00e9gica que conlleva muchas oportunidades para el desarrollo econ\u00f3mico\u201d.<\/p>\n<p>Desde hace 15 a\u00f1os, la COCEF, con el apoyo del Ministerio de Econom\u00eda, ha otorgado el Premio Empresa del A\u00f1o a grandes empresas como Iberia, BBVA, Endesa, Gas Natural, Freixenet o Porcelanosa. En cada edici\u00f3n, la C\u00e1mara de Comercio de Espa\u00f1a en Francia otorga estos galardones bajo cuatro categor\u00edas distintas: premio Empresa del A\u00f1o, premio PYME del A\u00f1o, premio a la Personalidad del A\u00f1o y premio de las Artes Pl\u00e1sticas y de la fotograf\u00eda.<\/p>\n<p>Su objetivo es promover las empresas y a las personalidades espa\u00f1olas o de origen espa\u00f1ol, que han destacado en 2015 por su influencia, su reputaci\u00f3n y por el desarrollo comercial en su campo.<\/p>\n<p>Acerca de Anecoop<\/p>\n<p>La empresa agrupa actualmente a 71 cooperativas hortofrut\u00edcolas y vitivin\u00edcolas que exportan sus productos a 68 pa\u00edses. Francia es el principal destino de sus exportaciones. Su red comercial est\u00e1 situada en puntos estrat\u00e9gicos del mercado internacional de frutas y hortalizas en fresco: Espa\u00f1a, Francia, Reino Unido, Holanda, Rep\u00fablica Checa, Eslovaquia, Polonia, Rusia y China. Desde su fundaci\u00f3n, en 1975, Anecoop se ha constituido como una de las mayores empresas internacionales de distribuci\u00f3n de c\u00edtricos, hortalizas, frutas no c\u00edtricas y vinos. Es la primera empresa hortofrut\u00edcola del Mediterr\u00e1neo, l\u00edder espa\u00f1ola en la comercializaci\u00f3n de frutas y hortalizas, primer exportador y segundo comercializador de c\u00edtricos del mundo y primer operador de sand\u00edas y kakis de Europa.<\/p>\n<p>&nbsp;<\/p>\n","protected":false},"excerpt":{"rendered":"<div class=\"mh-excerpt\">El Presidente de Anecoop, Alejandro Monz\u00f3n, recoger\u00e1 el galard\u00f3n el pr\u00f3ximo lunes, 14 de diciembre, de la mano del Embajador de Espa\u00f1a en Francia, Ram\u00f3n de Miguel, y del Presidente de COCEF, Jos\u00e9 Miguel Garc\u00eda, <a class=\"mh-excerpt-more\" href=\"https:\/\/www.tucomarca.com\/wordpress\/segunda\/anecoop-reconocida-como-empresa-del-ano-2015-en-francia\/\" title=\"Anecoop, reconocida como empresa del a\u00f1o 2015 en Francia\">[+] <\/a><\/div>\n","protected":false},"author":1,"featured_media":0,"comment_status":"open","ping_status":"open","sticky":false,"template":"","format":"standard","meta":{"footnotes":""},"categories":[169,17,8,72,10,117],"tags":[],"class_list":{"0":"post-42548","1":"post","2":"type-post","3":"status-publish","4":"format-standard","6":"category-agricultura-la-comarca","7":"category-cheste","8":"category-la-comarca","9":"category-sin-categorizar","10":"category-la-hoya","11":"category-medio-ambiente-la-comarca"},"_links":{"self":[{"href":"https:\/\/www.tucomarca.com\/wordpress\/segunda\/wp-json\/wp\/v2\/posts\/42548","targetHints":{"allow":["GET"]}}],"collection":[{"href":"https:\/\/www.tucomarca.com\/wordpress\/segunda\/wp-json\/wp\/v2\/posts"}],"about":[{"href":"https:\/\/www.tucomarca.com\/wordpress\/segunda\/wp-json\/wp\/v2\/types\/post"}],"author":[{"embeddable":true,"href":"https:\/\/www.tucomarca.com\/wordpress\/segunda\/wp-json\/wp\/v2\/users\/1"}],"replies":[{"embeddable":true,"href":"https:\/\/www.tucomarca.com\/wordpress\/segunda\/wp-json\/wp\/v2\/comments?post=42548"}],"version-history":[{"count":0,"href":"https:\/\/www.tucomarca.com\/wordpress\/segunda\/wp-json\/wp\/v2\/posts\/42548\/revisions"}],"wp:attachment":[{"href":"https:\/\/www.tucomarca.com\/wordpress\/segunda\/wp-json\/wp\/v2\/media?parent=42548"}],"wp:term":[{"taxonomy":"category","embeddable":true,"href":"https:\/\/www.tucomarca.com\/wordpress\/segunda\/wp-json\/wp\/v2\/categories?post=42548"},{"taxonomy":"post_tag","embeddable":true,"href":"https:\/\/www.tucomarca.com\/wordpress\/segunda\/wp-json\/wp\/v2\/tags?post=42548"}],"curies":[{"name":"wp","href":"https:\/\/api.w.org\/{rel}","templated":true}]}}