{"id":42551,"date":"2015-12-11T16:41:19","date_gmt":"2015-12-11T13:41:19","guid":{"rendered":"http:\/\/www.tucomarca.com\/wordpress\/segunda\/?p=42551"},"modified":"2015-12-11T16:41:19","modified_gmt":"2015-12-11T13:41:19","slug":"el-ayuntamiento-de-cheste-inicia-una-campana-para-poner-en-valor-el-parque-de-la-lomiquia","status":"publish","type":"post","link":"https:\/\/www.tucomarca.com\/wordpress\/segunda\/el-ayuntamiento-de-cheste-inicia-una-campana-para-poner-en-valor-el-parque-de-la-lomiquia\/","title":{"rendered":"El Ayuntamiento de Cheste inicia una campa\u00f1a para poner en valor el parque de La Lomiquia"},"content":{"rendered":"<p><strong> <\/strong><\/p>\n<figure id=\"attachment_42552\" aria-describedby=\"caption-attachment-42552\" style=\"width: 300px\" class=\"wp-caption alignleft\"><a href=\"https:\/\/www.tucomarca.com\/wordpress\/segunda\/wp-content\/uploads\/2015\/12\/Parque-de-la-Lomiquia-1.jpg\"><img loading=\"lazy\" decoding=\"async\" class=\"size-medium wp-image-42552\" title=\"Parque de la Lomiquia 1\" src=\"https:\/\/www.tucomarca.com\/wordpress\/segunda\/wp-content\/uploads\/2015\/12\/Parque-de-la-Lomiquia-1-300x200.jpg\" alt=\"Una imagen del parque de La Lomiqua de Cheste.\" width=\"300\" height=\"200\" srcset=\"https:\/\/www.tucomarca.com\/wordpress\/segunda\/wp-content\/uploads\/2015\/12\/Parque-de-la-Lomiquia-1-300x200.jpg 300w, https:\/\/www.tucomarca.com\/wordpress\/segunda\/wp-content\/uploads\/2015\/12\/Parque-de-la-Lomiquia-1.jpg 960w\" sizes=\"auto, (max-width: 300px) 100vw, 300px\" \/><\/a><figcaption id=\"caption-attachment-42552\" class=\"wp-caption-text\">Una imagen del parque de La Lomiqua de Cheste.<\/figcaption><\/figure>\n<p>El Ayuntamiento de Cheste, a trav\u00e9s de la concejal\u00eda de Medio Ambiente, Parques y Jardines, ha puesto en marcha una campa\u00f1a de revalorizaci\u00f3n del Parque de la Lomiquia con el objetivo de promover que los vecinos y vecinas conozcan mejor este espacio, lo valoren y se impliquen en su cuidado y conservaci\u00f3n.<\/p>\n<p>\u201cEl Parque de la Lomiquia destaca por su extensi\u00f3n, sus diferentes zonas vegetativas con plantas arom\u00e1ticas y suculentas, olivos centenarios o el monte t\u00edpico mediterr\u00e1neo, siendo un magn\u00edfico pulm\u00f3n verde a tan solo unos pasos del casco urbano\u201d, como ha explicado Fran Izquierdo, el concejal de Medio Ambiente, Parques y Jardines. \u201cQueremos que la gente del pueblo lo valore y lo disfrute del mismo modo que pretendemos que sea un atractivo tur\u00edstico m\u00e1s de nuestro municipio\u201d, ha a\u00f1adido.<\/p>\n<p>La campa\u00f1a comenzar\u00e1 con la difusi\u00f3n de un d\u00edptico con fotograf\u00edas, informaci\u00f3n pr\u00e1ctica y curiosidades sobre el parque y con la publicaci\u00f3n de la p\u00e1gina de Facebook \u201cAmigos del Parque de la Lomiquia\u201d en http:\/\/www.facebook.com\/ParqueLomiquia\u00bbwww.facebook.com\/ParqueLomiquia, que se propone como un espacio en el que se actualizar\u00e1n las novedades del parque y un canal para poner en com\u00fan ideas, propuestas y cr\u00edticas que contribuyan a su mejora.<\/p>\n<p>Adem\u00e1s, las diferentes concejal\u00edas que forman parte del equipo de gobierno est\u00e1n trabajando conjuntamente para programar actividades culturales, deportivas y educativas que activen la afluencia de vecinos y visitantes al parque y para acometer las tareas necesarias de adecuaci\u00f3n, mejora y mantenimiento.<\/p>\n<p>&nbsp;<\/p>\n<p>&nbsp;<\/p>\n<p>&nbsp;<\/p>\n<p>&nbsp;<\/p>\n<p>&nbsp;<\/p>\n<p>&nbsp;<\/p>\n<p>&nbsp;<\/p>\n<p>&nbsp;<\/p>\n<p>[Escriba texto]\t[Escriba texto]\t[Escriba texto]<\/p>\n<p>[Escriba texto]\t[Escriba texto]\t[Escriba texto]<\/p>\n<p>[Escriba texto]\t[Escriba texto]\t[Escriba texto]<\/p>\n<p>&nbsp;<\/p>\n<p>&nbsp;<\/p>\n<p>&nbsp;<\/p>\n<p>&nbsp;<\/p>\n<p>[Escriba texto] [Escriba texto] [Escriba texto]<\/p>\n<p>&nbsp;<\/p>\n<p>&nbsp;<\/p>\n<p>&nbsp;<\/p>\n<p>&nbsp;<\/p>\n<p>&nbsp;<\/p>\n<p>&nbsp;<\/p>\n","protected":false},"excerpt":{"rendered":"<div class=\"mh-excerpt\">El Ayuntamiento de Cheste, a trav\u00e9s de la concejal\u00eda de Medio Ambiente, Parques y Jardines, ha puesto en marcha una campa\u00f1a de revalorizaci\u00f3n del Parque de la Lomiquia con el objetivo de promover que los <a class=\"mh-excerpt-more\" href=\"https:\/\/www.tucomarca.com\/wordpress\/segunda\/el-ayuntamiento-de-cheste-inicia-una-campana-para-poner-en-valor-el-parque-de-la-lomiquia\/\" title=\"El Ayuntamiento de Cheste inicia una campa\u00f1a para poner en valor el parque de La Lomiquia\">[+] <\/a><\/div>\n","protected":false},"author":1,"featured_media":42552,"comment_status":"open","ping_status":"open","sticky":false,"template":"","format":"standard","meta":{"footnotes":""},"categories":[17,8,10,117,3,45],"tags":[],"class_list":{"0":"post-42551","1":"post","2":"type-post","3":"status-publish","4":"format-standard","5":"has-post-thumbnail","7":"category-cheste","8":"category-la-comarca","9":"category-la-hoya","10":"category-medio-ambiente-la-comarca","11":"category-seccion","12":"category-ventana"},"_links":{"self":[{"href":"https:\/\/www.tucomarca.com\/wordpress\/segunda\/wp-json\/wp\/v2\/posts\/42551","targetHints":{"allow":["GET"]}}],"collection":[{"href":"https:\/\/www.tucomarca.com\/wordpress\/segunda\/wp-json\/wp\/v2\/posts"}],"about":[{"href":"https:\/\/www.tucomarca.com\/wordpress\/segunda\/wp-json\/wp\/v2\/types\/post"}],"author":[{"embeddable":true,"href":"https:\/\/www.tucomarca.com\/wordpress\/segunda\/wp-json\/wp\/v2\/users\/1"}],"replies":[{"embeddable":true,"href":"https:\/\/www.tucomarca.com\/wordpress\/segunda\/wp-json\/wp\/v2\/comments?post=42551"}],"version-history":[{"count":0,"href":"https:\/\/www.tucomarca.com\/wordpress\/segunda\/wp-json\/wp\/v2\/posts\/42551\/revisions"}],"wp:featuredmedia":[{"embeddable":true,"href":"https:\/\/www.tucomarca.com\/wordpress\/segunda\/wp-json\/wp\/v2\/media\/42552"}],"wp:attachment":[{"href":"https:\/\/www.tucomarca.com\/wordpress\/segunda\/wp-json\/wp\/v2\/media?parent=42551"}],"wp:term":[{"taxonomy":"category","embeddable":true,"href":"https:\/\/www.tucomarca.com\/wordpress\/segunda\/wp-json\/wp\/v2\/categories?post=42551"},{"taxonomy":"post_tag","embeddable":true,"href":"https:\/\/www.tucomarca.com\/wordpress\/segunda\/wp-json\/wp\/v2\/tags?post=42551"}],"curies":[{"name":"wp","href":"https:\/\/api.w.org\/{rel}","templated":true}]}}