{"id":42581,"date":"2015-12-11T22:54:33","date_gmt":"2015-12-11T19:54:33","guid":{"rendered":"http:\/\/www.tucomarca.com\/wordpress\/segunda\/?p=42581"},"modified":"2015-12-11T22:56:32","modified_gmt":"2015-12-11T19:56:32","slug":"la-mancomunidad-de-la-hoya-acuerda-priorizar-la-ubicacion-de-las-primeras-especialidades-sanitarias-en-la-comarca","status":"publish","type":"post","link":"https:\/\/www.tucomarca.com\/wordpress\/segunda\/la-mancomunidad-de-la-hoya-acuerda-priorizar-la-ubicacion-de-las-primeras-especialidades-sanitarias-en-la-comarca\/","title":{"rendered":"La mancomunidad de La Hoya acuerda priorizar la ubicaci\u00f3n de las primeras especialidades sanitarias en la comarca"},"content":{"rendered":"<figure id=\"attachment_42590\" aria-describedby=\"caption-attachment-42590\" style=\"width: 300px\" class=\"wp-caption alignleft\"><a href=\"https:\/\/www.tucomarca.com\/wordpress\/segunda\/wp-content\/uploads\/2015\/12\/plenomanco.jpg\"><img loading=\"lazy\" decoding=\"async\" class=\"size-medium wp-image-42590\" title=\"plenomanco\" src=\"https:\/\/www.tucomarca.com\/wordpress\/segunda\/wp-content\/uploads\/2015\/12\/plenomanco-300x197.jpg\" alt=\"Pleno de la mancomunidad de La Hoya de Bu\u00f1ol-Chiva, en una imagen de archivo.\" width=\"300\" height=\"197\" \/><\/a><figcaption id=\"caption-attachment-42590\" class=\"wp-caption-text\">Pleno de la mancomunidad de La Hoya de Bu\u00f1ol-Chiva, en una imagen de archivo.<\/figcaption><\/figure>\n<p>La mancomunidad de La Hoya de Bu\u00f1ol-Chiva ha acordado esta semana que recaiga tanto en su presidente, Rafa Fora, como en su vicepresidente primero, Jos\u00e9 Morell, y en el alcalde de Y\u00e1tova, Miguel T\u00f3rtola, la responsabilidad de llevar adelante las negociaciones con el Consell para la mejora de la Sanidad P\u00fablica en la comarca.<\/p>\n<p>El presidente de la mancomunidad de La Hoya de Bu\u00f1ol-Chiva, Rafael Fora, ha explicado que en el \u00e1nimo de todos los partidos pol\u00edticos representados en la junta de gobierno de la mancomunidad, reunida esta semana en sesi\u00f3n extraordinaria, est\u00e1 \u00abel que nuestra comarca vaya contando de manera inmediata y paulatina con m\u00e1s y mejores atenciones m\u00e9dicas para nuestros vecinos y vecinas\u201d.<\/p>\n<p>En este sentido, el presidente ha informado que todos los Ayuntamientos integrantes de la mancomunidad \u00abhan decidido por unanimidad la progresiva implantaci\u00f3n de diferentes especialidades m\u00e9dicas en nuestra comarca, para evitar as\u00ed desplazamientos innecesarios a nuestros vecinos a centros como el de Aldaia o el propio Hospital de Manises\u201d.<\/p>\n<p>A esta prioridad, el presidente tambi\u00e9n ha unido otras acciones tendentes a la mejora de la Sanidad P\u00fablica en La Hoya, \u201ccomo la recuperaci\u00f3n del servicio de ambulancias para nuestros pueblos\u201d.<\/p>\n<p>Rafa Fora tambi\u00e9n ha dicho \u201centender las reivindicaciones de ciertas entidades, como la plataforma pro hospital comarcal, de cuya legitimidad no duda nadie y cuya esencia compartimos\u201d, aunque no obstante ha querido matizar que lo importante es \u201cempezar ya a contar con mejores servicios sanitarios para los ciudadanos; y que poco a poco estos se vayan ampliando hasta lo m\u00e1ximo posible; sin desgastarnos en reivindiaciones que puedan tardar diez a\u00f1os en llegar. Una responsabilidad que rec\u00e1e adem\u00e1s en nosotros los pol\u00edticos que somos quienes debemos ir haciendo realidad poco a poco las cosas; aunque siempre con los pies en el suelo\u201d.<\/p>\n","protected":false},"excerpt":{"rendered":"<div class=\"mh-excerpt\">La mancomunidad de La Hoya de Bu\u00f1ol-Chiva ha acordado esta semana que recaiga tanto en su presidente, Rafa Fora, como en su vicepresidente primero, Jos\u00e9 Morell, y en el alcalde de Y\u00e1tova, Miguel T\u00f3rtola, la <a class=\"mh-excerpt-more\" href=\"https:\/\/www.tucomarca.com\/wordpress\/segunda\/la-mancomunidad-de-la-hoya-acuerda-priorizar-la-ubicacion-de-las-primeras-especialidades-sanitarias-en-la-comarca\/\" title=\"La mancomunidad de La Hoya acuerda priorizar la ubicaci\u00f3n de las primeras especialidades sanitarias en la comarca\">[+] <\/a><\/div>\n","protected":false},"author":1,"featured_media":42590,"comment_status":"open","ping_status":"open","sticky":false,"template":"","format":"standard","meta":{"footnotes":""},"categories":[18,119,8,10,3,45],"tags":[],"class_list":{"0":"post-42581","1":"post","2":"type-post","3":"status-publish","4":"format-standard","5":"has-post-thumbnail","7":"category-bunol","8":"category-sanidad-la-comarca","9":"category-la-comarca","10":"category-la-hoya","11":"category-seccion","12":"category-ventana"},"_links":{"self":[{"href":"https:\/\/www.tucomarca.com\/wordpress\/segunda\/wp-json\/wp\/v2\/posts\/42581","targetHints":{"allow":["GET"]}}],"collection":[{"href":"https:\/\/www.tucomarca.com\/wordpress\/segunda\/wp-json\/wp\/v2\/posts"}],"about":[{"href":"https:\/\/www.tucomarca.com\/wordpress\/segunda\/wp-json\/wp\/v2\/types\/post"}],"author":[{"embeddable":true,"href":"https:\/\/www.tucomarca.com\/wordpress\/segunda\/wp-json\/wp\/v2\/users\/1"}],"replies":[{"embeddable":true,"href":"https:\/\/www.tucomarca.com\/wordpress\/segunda\/wp-json\/wp\/v2\/comments?post=42581"}],"version-history":[{"count":0,"href":"https:\/\/www.tucomarca.com\/wordpress\/segunda\/wp-json\/wp\/v2\/posts\/42581\/revisions"}],"wp:featuredmedia":[{"embeddable":true,"href":"https:\/\/www.tucomarca.com\/wordpress\/segunda\/wp-json\/wp\/v2\/media\/42590"}],"wp:attachment":[{"href":"https:\/\/www.tucomarca.com\/wordpress\/segunda\/wp-json\/wp\/v2\/media?parent=42581"}],"wp:term":[{"taxonomy":"category","embeddable":true,"href":"https:\/\/www.tucomarca.com\/wordpress\/segunda\/wp-json\/wp\/v2\/categories?post=42581"},{"taxonomy":"post_tag","embeddable":true,"href":"https:\/\/www.tucomarca.com\/wordpress\/segunda\/wp-json\/wp\/v2\/tags?post=42581"}],"curies":[{"name":"wp","href":"https:\/\/api.w.org\/{rel}","templated":true}]}}