{"id":4259,"date":"2012-06-27T14:28:52","date_gmt":"2012-06-27T12:28:52","guid":{"rendered":"http:\/\/www.tucomarca.com\/wordpress\/segunda\/?p=4259"},"modified":"2012-06-30T02:07:13","modified_gmt":"2012-06-30T00:07:13","slug":"entrevista-a-la-madre-del-nino-de-10-anos-al-que-el-doctor-cavadas-ha-reimplantado-los-dos-pies","status":"publish","type":"post","link":"https:\/\/www.tucomarca.com\/wordpress\/segunda\/entrevista-a-la-madre-del-nino-de-10-anos-al-que-el-doctor-cavadas-ha-reimplantado-los-dos-pies\/","title":{"rendered":"Entrevista a la madre del ni\u00f1o de 10 a\u00f1os al que el doctor Cavadas ha reimplantado los dos pies"},"content":{"rendered":"<p>&nbsp;<\/p>\n<p><a href=\"https:\/\/www.tucomarca.com\/wordpress\/segunda\/wp-content\/uploads\/2012\/06\/Entrevista.mp3\">Entrevista<\/a><\/p>\n<p>Aqu\u00ed os ofrecemos la entrevista (pinchar sobre el enlace superior) realizada en el Hospital de Manises a la madre del ni\u00f1o de 10 a\u00f1os de edad al que el doctor Cavadas ha reimplantado los dos pies tras el accidente sufrido.<\/p>\n","protected":false},"excerpt":{"rendered":"<div class=\"mh-excerpt\">&nbsp; Entrevista Aqu\u00ed os ofrecemos la entrevista (pinchar sobre el enlace superior) realizada en el Hospital de Manises a la madre del ni\u00f1o de 10 a\u00f1os de edad al que el doctor Cavadas ha reimplantado <a class=\"mh-excerpt-more\" href=\"https:\/\/www.tucomarca.com\/wordpress\/segunda\/entrevista-a-la-madre-del-nino-de-10-anos-al-que-el-doctor-cavadas-ha-reimplantado-los-dos-pies\/\" title=\"Entrevista a la madre del ni\u00f1o de 10 a\u00f1os al que el doctor Cavadas ha reimplantado los dos pies\">[+] <\/a><\/div>\n","protected":false},"author":1,"featured_media":687,"comment_status":"open","ping_status":"open","sticky":false,"template":"","format":"standard","meta":{"footnotes":""},"categories":[119,72,10,3],"tags":[],"class_list":{"0":"post-4259","1":"post","2":"type-post","3":"status-publish","4":"format-standard","5":"has-post-thumbnail","7":"category-sanidad-la-comarca","8":"category-sin-categorizar","9":"category-la-hoya","10":"category-seccion"},"_links":{"self":[{"href":"https:\/\/www.tucomarca.com\/wordpress\/segunda\/wp-json\/wp\/v2\/posts\/4259","targetHints":{"allow":["GET"]}}],"collection":[{"href":"https:\/\/www.tucomarca.com\/wordpress\/segunda\/wp-json\/wp\/v2\/posts"}],"about":[{"href":"https:\/\/www.tucomarca.com\/wordpress\/segunda\/wp-json\/wp\/v2\/types\/post"}],"author":[{"embeddable":true,"href":"https:\/\/www.tucomarca.com\/wordpress\/segunda\/wp-json\/wp\/v2\/users\/1"}],"replies":[{"embeddable":true,"href":"https:\/\/www.tucomarca.com\/wordpress\/segunda\/wp-json\/wp\/v2\/comments?post=4259"}],"version-history":[{"count":0,"href":"https:\/\/www.tucomarca.com\/wordpress\/segunda\/wp-json\/wp\/v2\/posts\/4259\/revisions"}],"wp:featuredmedia":[{"embeddable":true,"href":"https:\/\/www.tucomarca.com\/wordpress\/segunda\/wp-json\/wp\/v2\/media\/687"}],"wp:attachment":[{"href":"https:\/\/www.tucomarca.com\/wordpress\/segunda\/wp-json\/wp\/v2\/media?parent=4259"}],"wp:term":[{"taxonomy":"category","embeddable":true,"href":"https:\/\/www.tucomarca.com\/wordpress\/segunda\/wp-json\/wp\/v2\/categories?post=4259"},{"taxonomy":"post_tag","embeddable":true,"href":"https:\/\/www.tucomarca.com\/wordpress\/segunda\/wp-json\/wp\/v2\/tags?post=4259"}],"curies":[{"name":"wp","href":"https:\/\/api.w.org\/{rel}","templated":true}]}}