{"id":42644,"date":"2015-12-14T09:56:50","date_gmt":"2015-12-14T06:56:50","guid":{"rendered":"http:\/\/www.tucomarca.com\/wordpress\/segunda\/?p=42644"},"modified":"2015-12-14T22:00:35","modified_gmt":"2015-12-14T19:00:35","slug":"mitin-del-psoe-el-lunes-14-en-la-sala-raga-del-molino-galan-de-bunol","status":"publish","type":"post","link":"https:\/\/www.tucomarca.com\/wordpress\/segunda\/mitin-del-psoe-el-lunes-14-en-la-sala-raga-del-molino-galan-de-bunol\/","title":{"rendered":"Mitin del PSOE el lunes 14 en la sala Raga del Molino Gal\u00e1n de Bu\u00f1ol"},"content":{"rendered":"<p><a href=\"https:\/\/www.tucomarca.com\/wordpress\/segunda\/wp-content\/uploads\/2015\/12\/mitinPSOE.jpg\"><img loading=\"lazy\" decoding=\"async\" class=\"alignleft size-medium wp-image-42645\" title=\"mitinPSOE\" src=\"https:\/\/www.tucomarca.com\/wordpress\/segunda\/wp-content\/uploads\/2015\/12\/mitinPSOE-212x300.jpg\" alt=\"\" width=\"212\" height=\"300\" srcset=\"https:\/\/www.tucomarca.com\/wordpress\/segunda\/wp-content\/uploads\/2015\/12\/mitinPSOE-212x300.jpg 212w, https:\/\/www.tucomarca.com\/wordpress\/segunda\/wp-content\/uploads\/2015\/12\/mitinPSOE-724x1024.jpg 724w, https:\/\/www.tucomarca.com\/wordpress\/segunda\/wp-content\/uploads\/2015\/12\/mitinPSOE-1024x1448.jpg 1024w, https:\/\/www.tucomarca.com\/wordpress\/segunda\/wp-content\/uploads\/2015\/12\/mitinPSOE.jpg 1755w\" sizes=\"auto, (max-width: 212px) 100vw, 212px\" \/><\/a>El PSPV-PSOE ofrece un mitin este lunes 14 en la sala Raga del Molino Gal\u00e1n de Bu\u00f1ol a las 19,00 horas. En \u00e9l participar\u00e1n Mar\u00eda Jos\u00e9 Mira, Manolo Mata y Juncal Carrascosa.<\/p>\n","protected":false},"excerpt":{"rendered":"<div class=\"mh-excerpt\">El PSPV-PSOE ofrece un mitin este lunes 14 en la sala Raga del Molino Gal\u00e1n de Bu\u00f1ol a las 19,00 horas. En \u00e9l participar\u00e1n Mar\u00eda Jos\u00e9 Mira, Manolo Mata y Juncal Carrascosa.<\/div>\n","protected":false},"author":1,"featured_media":42645,"comment_status":"open","ping_status":"open","sticky":false,"template":"","format":"standard","meta":{"footnotes":""},"categories":[4,18,10,3],"tags":[],"class_list":{"0":"post-42644","1":"post","2":"type-post","3":"status-publish","4":"format-standard","5":"has-post-thumbnail","7":"category-agenda","8":"category-bunol","9":"category-la-hoya","10":"category-seccion"},"_links":{"self":[{"href":"https:\/\/www.tucomarca.com\/wordpress\/segunda\/wp-json\/wp\/v2\/posts\/42644","targetHints":{"allow":["GET"]}}],"collection":[{"href":"https:\/\/www.tucomarca.com\/wordpress\/segunda\/wp-json\/wp\/v2\/posts"}],"about":[{"href":"https:\/\/www.tucomarca.com\/wordpress\/segunda\/wp-json\/wp\/v2\/types\/post"}],"author":[{"embeddable":true,"href":"https:\/\/www.tucomarca.com\/wordpress\/segunda\/wp-json\/wp\/v2\/users\/1"}],"replies":[{"embeddable":true,"href":"https:\/\/www.tucomarca.com\/wordpress\/segunda\/wp-json\/wp\/v2\/comments?post=42644"}],"version-history":[{"count":0,"href":"https:\/\/www.tucomarca.com\/wordpress\/segunda\/wp-json\/wp\/v2\/posts\/42644\/revisions"}],"wp:featuredmedia":[{"embeddable":true,"href":"https:\/\/www.tucomarca.com\/wordpress\/segunda\/wp-json\/wp\/v2\/media\/42645"}],"wp:attachment":[{"href":"https:\/\/www.tucomarca.com\/wordpress\/segunda\/wp-json\/wp\/v2\/media?parent=42644"}],"wp:term":[{"taxonomy":"category","embeddable":true,"href":"https:\/\/www.tucomarca.com\/wordpress\/segunda\/wp-json\/wp\/v2\/categories?post=42644"},{"taxonomy":"post_tag","embeddable":true,"href":"https:\/\/www.tucomarca.com\/wordpress\/segunda\/wp-json\/wp\/v2\/tags?post=42644"}],"curies":[{"name":"wp","href":"https:\/\/api.w.org\/{rel}","templated":true}]}}