{"id":4267,"date":"2012-06-27T14:36:27","date_gmt":"2012-06-27T12:36:27","guid":{"rendered":"http:\/\/www.tucomarca.com\/wordpress\/segunda\/?p=4267"},"modified":"2012-06-27T14:36:27","modified_gmt":"2012-06-27T12:36:27","slug":"betoret-asiste-a-la-merienda-de-fin-de-curso-de-las-amas-de-casa-tyrius-de-vilamarxant","status":"publish","type":"post","link":"https:\/\/www.tucomarca.com\/wordpress\/segunda\/betoret-asiste-a-la-merienda-de-fin-de-curso-de-las-amas-de-casa-tyrius-de-vilamarxant\/","title":{"rendered":"Betoret asiste a la merienda de fin de curso de las Amas de Casa Tyrius de Vilamarxant"},"content":{"rendered":"<p style=\"text-align: left;\">\n<figure id=\"attachment_4268\" aria-describedby=\"caption-attachment-4268\" style=\"width: 640px\" class=\"wp-caption aligncenter\"><a href=\"https:\/\/www.tucomarca.com\/wordpress\/segunda\/wp-content\/uploads\/2012\/06\/DSC06214-2.jpg\"><img loading=\"lazy\" decoding=\"async\" class=\"size-full wp-image-4268 \" title=\"DSC06214 (2)\" src=\"https:\/\/www.tucomarca.com\/wordpress\/segunda\/wp-content\/uploads\/2012\/06\/DSC06214-2.jpg\" alt=\"El alcalde de Vilamarxant durante el desarrollo de la comida.\" width=\"640\" height=\"480\" srcset=\"https:\/\/www.tucomarca.com\/wordpress\/segunda\/wp-content\/uploads\/2012\/06\/DSC06214-2.jpg 640w, https:\/\/www.tucomarca.com\/wordpress\/segunda\/wp-content\/uploads\/2012\/06\/DSC06214-2-300x225.jpg 300w\" sizes=\"auto, (max-width: 640px) 100vw, 640px\" \/><\/a><figcaption id=\"caption-attachment-4268\" class=\"wp-caption-text\">El alcalde de Vilamarxant durante el desarrollo de la merienda de la Asociaci\u00f3n de Amas de Casa.<\/figcaption><\/figure>\n<p>El alcalde de Vilamarxant, Vicente Betoret, acompa\u00f1ado por la concejal de Pol\u00edticas de Igualdad, Neus Cutanda, ha participado en la merienda que la asociaci\u00f3n local de Amas de Casa Tyrius ha organizado en el Centro Pastoral de la localidad para celebrar el fin de curso.<\/p>\n<p style=\"text-align: left;\">Con este acto, al que asistieron cerca de un centenar de mujeres del municipio, se pone punto y aparte a una larga y variada programaci\u00f3n de actos, excursiones y actividades formativas que esta asociaci\u00f3n ha promovido durante los \u00faltimos meses. La asociaci\u00f3n reanudar\u00e1 sus actividades a la vuelta de las vacaciones de verano.<\/p>\n","protected":false},"excerpt":{"rendered":"<div class=\"mh-excerpt\">El alcalde de Vilamarxant, Vicente Betoret, acompa\u00f1ado por la concejal de Pol\u00edticas de Igualdad, Neus Cutanda, ha participado en la merienda que la asociaci\u00f3n local de Amas de Casa Tyrius ha organizado en el Centro <a class=\"mh-excerpt-more\" href=\"https:\/\/www.tucomarca.com\/wordpress\/segunda\/betoret-asiste-a-la-merienda-de-fin-de-curso-de-las-amas-de-casa-tyrius-de-vilamarxant\/\" title=\"Betoret asiste a la merienda de fin de curso de las Amas de Casa Tyrius de Vilamarxant\">[+] <\/a><\/div>\n","protected":false},"author":1,"featured_media":4268,"comment_status":"open","ping_status":"open","sticky":false,"template":"","format":"standard","meta":{"footnotes":""},"categories":[46,5,3,45,184],"tags":[],"class_list":{"0":"post-4267","1":"post","2":"type-post","3":"status-publish","4":"format-standard","5":"has-post-thumbnail","7":"category-camp-de-turia","8":"category-la-semana-en-imagenes","9":"category-seccion","10":"category-ventana","11":"category-vilamarxant"},"_links":{"self":[{"href":"https:\/\/www.tucomarca.com\/wordpress\/segunda\/wp-json\/wp\/v2\/posts\/4267","targetHints":{"allow":["GET"]}}],"collection":[{"href":"https:\/\/www.tucomarca.com\/wordpress\/segunda\/wp-json\/wp\/v2\/posts"}],"about":[{"href":"https:\/\/www.tucomarca.com\/wordpress\/segunda\/wp-json\/wp\/v2\/types\/post"}],"author":[{"embeddable":true,"href":"https:\/\/www.tucomarca.com\/wordpress\/segunda\/wp-json\/wp\/v2\/users\/1"}],"replies":[{"embeddable":true,"href":"https:\/\/www.tucomarca.com\/wordpress\/segunda\/wp-json\/wp\/v2\/comments?post=4267"}],"version-history":[{"count":0,"href":"https:\/\/www.tucomarca.com\/wordpress\/segunda\/wp-json\/wp\/v2\/posts\/4267\/revisions"}],"wp:featuredmedia":[{"embeddable":true,"href":"https:\/\/www.tucomarca.com\/wordpress\/segunda\/wp-json\/wp\/v2\/media\/4268"}],"wp:attachment":[{"href":"https:\/\/www.tucomarca.com\/wordpress\/segunda\/wp-json\/wp\/v2\/media?parent=4267"}],"wp:term":[{"taxonomy":"category","embeddable":true,"href":"https:\/\/www.tucomarca.com\/wordpress\/segunda\/wp-json\/wp\/v2\/categories?post=4267"},{"taxonomy":"post_tag","embeddable":true,"href":"https:\/\/www.tucomarca.com\/wordpress\/segunda\/wp-json\/wp\/v2\/tags?post=4267"}],"curies":[{"name":"wp","href":"https:\/\/api.w.org\/{rel}","templated":true}]}}