{"id":42715,"date":"2015-12-16T20:28:40","date_gmt":"2015-12-16T17:28:40","guid":{"rendered":"http:\/\/www.tucomarca.com\/wordpress\/segunda\/?p=42715"},"modified":"2015-12-16T20:28:40","modified_gmt":"2015-12-16T17:28:40","slug":"inauguracion-y-bendicion-del-belen-de-la-guardia-civil","status":"publish","type":"post","link":"https:\/\/www.tucomarca.com\/wordpress\/segunda\/inauguracion-y-bendicion-del-belen-de-la-guardia-civil\/","title":{"rendered":"Inauguraci\u00f3n y bendici\u00f3n del Bel\u00e9n de la Guardia Civil"},"content":{"rendered":"<p>Este jueves 17 de diciembre, a las 18.30 horas, tendr\u00e1 lugar el acto de inauguraci\u00f3n y bendici\u00f3n del Bel\u00e9n 2015 en la Comandancia de la Guardia Civil de Valencia, sita en la Calle Calamocha 4 de Valencia.<br \/>\nGracias a la participaci\u00f3n de los componentes de esta Comandancia y de sus familias ha podido realizarse este proyecto, el cual se ha elaborado de forma artesanal.<br \/>\nDestacando que en estos d\u00edas est\u00e1 en marcha una campa\u00f1a iniciada por esta Comandancia, denominada \u201cOperaci\u00f3n Kilo\u201d y destinada a la recogida de alimentos que podr\u00e1n ser depositados junto al Bel\u00e9n hasta el pr\u00f3ximo d\u00eda 29 de diciembre, para posteriormente ser  entregados a beneficio de C\u00e1ritas el d\u00eda 24. El pasado a\u00f1o, esta iniciativa tuvo gran acogida recogi\u00e9ndose cerca de 800 kilos de alimentos. <\/p>\n","protected":false},"excerpt":{"rendered":"<div class=\"mh-excerpt\">Este jueves 17 de diciembre, a las 18.30 horas, tendr\u00e1 lugar el acto de inauguraci\u00f3n y bendici\u00f3n del Bel\u00e9n 2015 en la Comandancia de la Guardia Civil de Valencia, sita en la Calle Calamocha 4 <a class=\"mh-excerpt-more\" href=\"https:\/\/www.tucomarca.com\/wordpress\/segunda\/inauguracion-y-bendicion-del-belen-de-la-guardia-civil\/\" title=\"Inauguraci\u00f3n y bendici\u00f3n del Bel\u00e9n de la Guardia Civil\">[+] <\/a><\/div>\n","protected":false},"author":2,"featured_media":0,"comment_status":"open","ping_status":"open","sticky":false,"template":"","format":"standard","meta":{"footnotes":""},"categories":[4,72,3],"tags":[],"class_list":{"0":"post-42715","1":"post","2":"type-post","3":"status-publish","4":"format-standard","6":"category-agenda","7":"category-sin-categorizar","8":"category-seccion"},"_links":{"self":[{"href":"https:\/\/www.tucomarca.com\/wordpress\/segunda\/wp-json\/wp\/v2\/posts\/42715","targetHints":{"allow":["GET"]}}],"collection":[{"href":"https:\/\/www.tucomarca.com\/wordpress\/segunda\/wp-json\/wp\/v2\/posts"}],"about":[{"href":"https:\/\/www.tucomarca.com\/wordpress\/segunda\/wp-json\/wp\/v2\/types\/post"}],"author":[{"embeddable":true,"href":"https:\/\/www.tucomarca.com\/wordpress\/segunda\/wp-json\/wp\/v2\/users\/2"}],"replies":[{"embeddable":true,"href":"https:\/\/www.tucomarca.com\/wordpress\/segunda\/wp-json\/wp\/v2\/comments?post=42715"}],"version-history":[{"count":0,"href":"https:\/\/www.tucomarca.com\/wordpress\/segunda\/wp-json\/wp\/v2\/posts\/42715\/revisions"}],"wp:attachment":[{"href":"https:\/\/www.tucomarca.com\/wordpress\/segunda\/wp-json\/wp\/v2\/media?parent=42715"}],"wp:term":[{"taxonomy":"category","embeddable":true,"href":"https:\/\/www.tucomarca.com\/wordpress\/segunda\/wp-json\/wp\/v2\/categories?post=42715"},{"taxonomy":"post_tag","embeddable":true,"href":"https:\/\/www.tucomarca.com\/wordpress\/segunda\/wp-json\/wp\/v2\/tags?post=42715"}],"curies":[{"name":"wp","href":"https:\/\/api.w.org\/{rel}","templated":true}]}}