{"id":4272,"date":"2012-06-27T15:30:31","date_gmt":"2012-06-27T13:30:31","guid":{"rendered":"http:\/\/www.tucomarca.com\/wordpress\/segunda\/?p=4272"},"modified":"2012-06-27T15:30:31","modified_gmt":"2012-06-27T13:30:31","slug":"melendi-actuara-este-sabado-en-cheste-coincidiendo-con-la-cuarta-semifinal-de-%c2%absona-la-dipu%c2%bb","status":"publish","type":"post","link":"https:\/\/www.tucomarca.com\/wordpress\/segunda\/melendi-actuara-este-sabado-en-cheste-coincidiendo-con-la-cuarta-semifinal-de-%c2%absona-la-dipu%c2%bb\/","title":{"rendered":"Melendi actuar\u00e1 este s\u00e1bado en Cheste coincidiendo con la cuarta semifinal de \u00abSona la Dipu\u00bb"},"content":{"rendered":"<figure id=\"attachment_4273\" aria-describedby=\"caption-attachment-4273\" style=\"width: 300px\" class=\"wp-caption alignleft\"><a href=\"https:\/\/www.tucomarca.com\/wordpress\/segunda\/wp-content\/uploads\/2012\/06\/Presentacion1.jpg\"><img loading=\"lazy\" decoding=\"async\" class=\"size-medium wp-image-4273\" title=\"Presentacion1\" src=\"https:\/\/www.tucomarca.com\/wordpress\/segunda\/wp-content\/uploads\/2012\/06\/Presentacion1-300x198.jpg\" alt=\"De izquierda a derecha: Miguel Bailach, David Dom\u00e9nech y Francesc Barber\u00e0.\" width=\"300\" height=\"198\" srcset=\"https:\/\/www.tucomarca.com\/wordpress\/segunda\/wp-content\/uploads\/2012\/06\/Presentacion1-300x198.jpg 300w, https:\/\/www.tucomarca.com\/wordpress\/segunda\/wp-content\/uploads\/2012\/06\/Presentacion1-1024x679.jpg 1024w\" sizes=\"auto, (max-width: 300px) 100vw, 300px\" \/><\/a><figcaption id=\"caption-attachment-4273\" class=\"wp-caption-text\">De izquierda a derecha: Miguel Bailach, David Dom\u00e9nech y Francesc Barber\u00e0.<\/figcaption><\/figure>\n<p>El Diputado de Juventud, Miguel Bailach, el alcalde de Cheste, David Dom\u00e9nech, y el Director del Sona la Dipu, Francisco Barber\u00e1, han presentado este mi\u00e9rcoles en Cheste la cuarta semifinal del Sona la Dipu que tendr\u00e1 lugar el pr\u00f3ximo s\u00e1bado d\u00eda 30 en la localidad.<\/p>\n<p>Este concierto del Sona la Dipu llega a Cheste \u00abcon la intenci\u00f3n de fomentar la creatividad musical y el lanzamiento de nuevos valores de la m\u00fasica entre los j\u00f3venes de la Provincia de Valencia\u00bb, un reto que como han destacado los presentes \u00abha sido gracias al presidente de la Diputaci\u00f3n Alfonso Rus\u00bb.<\/p>\n<p>Esta edici\u00f3n del Sona la Dipu est\u00e1 despertando gran inter\u00e9s entre los j\u00f3venes valencianos \u00abpara ellos est\u00e1 pensado esta opci\u00f3n y alternativa de ocio\u00bb como ha destacado Bailach, quien adem\u00e1s ha apuntado que est\u00e1 funcionando muy bien y tiene una gran acogida \u00abno solo entre los j\u00f3venes de nuestra comunidad sino entre la gran cantidad de m\u00fasicos y grupos de la provincia que ven en el Sona la plataforma para darse a escuchar y conocer\u00bb.<\/p>\n<p>Para asegurar una buena recepci\u00f3n de todos los aficionados, fans y espectadores el Ayuntamiento de Cheste ha dispuesto numerosas zonas de aparcamiento que ha dado a conocer en su p\u00e1gina web.<\/p>\n<p>\u00abAconsejamos a todos los que vayan a venir que lo hagan de forma escalonada para evitar atascos, colas o esperas innecesarias, que consult\u00e9is las zonas de aparcamientos que aparecer\u00e1n indicados para que acced\u00e1is tranquilamente y con rapidez. Os proponemos utilic\u00e9is el transporte p\u00fablico, Cheste cuenta con una comunicaci\u00f3n directa en tren o autob\u00fas desde Valencia. Y desde el Ayuntamiento y yo como chestano os recomiendo que veng\u00e1is con tiempo y disfrut\u00e9is de nuestra gastronom\u00eda en los bares y restaurantes de la localidad\u00bb, en palabras del alcalde<\/p>\n<p>La cuarta semifinal del concurso Sona la Dipu Pop-Rock tendr\u00e1 lugar en la explanada del Polideportivo Municipal de Cheste, el pr\u00f3ximo 30 de Junio a las 11,00. Ser\u00e1 al aire libre y gracias a la Diputaci\u00f3n de Valencia totalmente gratuito para todas las personas que deseen asistir.<\/p>\n<p>Participar\u00e1n los grupos <em>Sex Ratio<\/em>, <em>Comunique<\/em> y <em>Daze of Dawn<\/em>, de ellos se seleccionar\u00e1 uno que llegar\u00e1 a las finales y competir\u00e1 con el resto de grupos finalistas. Tambi\u00e9n se contar\u00e1 con el conocido cantante Melendi.<\/p>\n<p>Desde Cheste se ha hecho un llamamiento a todos sus vecinos y a todos los de la Comarca a disfrutar de este Concierto Pop Rock que contar\u00e1 con el cantante participaci\u00f3n de Melendi y a disfrutar del resto de conciertos que tendr\u00e1n lugar esa noche.<\/p>\n","protected":false},"excerpt":{"rendered":"<div class=\"mh-excerpt\">El Diputado de Juventud, Miguel Bailach, el alcalde de Cheste, David Dom\u00e9nech, y el Director del Sona la Dipu, Francisco Barber\u00e1, han presentado este mi\u00e9rcoles en Cheste la cuarta semifinal del Sona la Dipu que <a class=\"mh-excerpt-more\" href=\"https:\/\/www.tucomarca.com\/wordpress\/segunda\/melendi-actuara-este-sabado-en-cheste-coincidiendo-con-la-cuarta-semifinal-de-%c2%absona-la-dipu%c2%bb\/\" title=\"Melendi actuar\u00e1 este s\u00e1bado en Cheste coincidiendo con la cuarta semifinal de \u00abSona la Dipu\u00bb\">[+] <\/a><\/div>\n","protected":false},"author":1,"featured_media":4273,"comment_status":"open","ping_status":"open","sticky":false,"template":"","format":"standard","meta":{"footnotes":""},"categories":[4,17,10,3,45],"tags":[],"class_list":{"0":"post-4272","1":"post","2":"type-post","3":"status-publish","4":"format-standard","5":"has-post-thumbnail","7":"category-agenda","8":"category-cheste","9":"category-la-hoya","10":"category-seccion","11":"category-ventana"},"_links":{"self":[{"href":"https:\/\/www.tucomarca.com\/wordpress\/segunda\/wp-json\/wp\/v2\/posts\/4272","targetHints":{"allow":["GET"]}}],"collection":[{"href":"https:\/\/www.tucomarca.com\/wordpress\/segunda\/wp-json\/wp\/v2\/posts"}],"about":[{"href":"https:\/\/www.tucomarca.com\/wordpress\/segunda\/wp-json\/wp\/v2\/types\/post"}],"author":[{"embeddable":true,"href":"https:\/\/www.tucomarca.com\/wordpress\/segunda\/wp-json\/wp\/v2\/users\/1"}],"replies":[{"embeddable":true,"href":"https:\/\/www.tucomarca.com\/wordpress\/segunda\/wp-json\/wp\/v2\/comments?post=4272"}],"version-history":[{"count":0,"href":"https:\/\/www.tucomarca.com\/wordpress\/segunda\/wp-json\/wp\/v2\/posts\/4272\/revisions"}],"wp:featuredmedia":[{"embeddable":true,"href":"https:\/\/www.tucomarca.com\/wordpress\/segunda\/wp-json\/wp\/v2\/media\/4273"}],"wp:attachment":[{"href":"https:\/\/www.tucomarca.com\/wordpress\/segunda\/wp-json\/wp\/v2\/media?parent=4272"}],"wp:term":[{"taxonomy":"category","embeddable":true,"href":"https:\/\/www.tucomarca.com\/wordpress\/segunda\/wp-json\/wp\/v2\/categories?post=4272"},{"taxonomy":"post_tag","embeddable":true,"href":"https:\/\/www.tucomarca.com\/wordpress\/segunda\/wp-json\/wp\/v2\/tags?post=4272"}],"curies":[{"name":"wp","href":"https:\/\/api.w.org\/{rel}","templated":true}]}}