{"id":42724,"date":"2015-12-17T11:45:36","date_gmt":"2015-12-17T08:45:36","guid":{"rendered":"http:\/\/www.tucomarca.com\/wordpress\/segunda\/?p=42724"},"modified":"2015-12-17T11:45:36","modified_gmt":"2015-12-17T08:45:36","slug":"bunol-prepara-un-intenso-programa-de-actividades-para-las-fiestas-navidenas","status":"publish","type":"post","link":"https:\/\/www.tucomarca.com\/wordpress\/segunda\/bunol-prepara-un-intenso-programa-de-actividades-para-las-fiestas-navidenas\/","title":{"rendered":"Bu\u00f1ol prepara un intenso programa de actividades para las fiestas navide\u00f1as"},"content":{"rendered":"<p>Tal como adelant\u00f3 este semanario en su edici\u00f3n impresa, el Ayuntamiento de Bu\u00f1ol y la Asociaci\u00f3n de Comerciantes han preparado un  intenso programa navide\u00f1o de actividades con el que se busca potenciar los atractivos de los negocios ubicados en la poblaci\u00f3n. As\u00ed, bajo el lema \u00abRegala ilusi\u00f3n sin salir de Bu\u00f1ol\u00bb se han programado actividades, talleres, hinchables y chocolat\u00e1s. Todo ello aderezado con el sorteo de vales de compra entre quienes adquieran sus productos en comercios. Adem\u00e1s, tambi\u00e9n se sortear\u00e1n 3 escapadas para dos personas.<br \/>\nTal como se ha informado, el d\u00eda 23 hay programados en la Plaza de Las Ventas hinchables y chocolate, todo ello en colaboraci\u00f3n con la Falla Ventas. un d\u00eda mas tarde, Papa Noel visitar\u00e1 Bu\u00f1ol, mientras que el d\u00eda 30 de diciembre hay prevista una mini disco y talleres infantiles en la Plaza de Pueblo (gracias a la colaboraci\u00f3n de la Falla de El R\u00edo). El d\u00eda 3 acontecer\u00e1 el show de magia y talleres en la Plaza 5 de marzo. Colabora falla Nuevo Bu\u00f1ol.<\/p>\n","protected":false},"excerpt":{"rendered":"<div class=\"mh-excerpt\">Tal como adelant\u00f3 este semanario en su edici\u00f3n impresa, el Ayuntamiento de Bu\u00f1ol y la Asociaci\u00f3n de Comerciantes han preparado un intenso programa navide\u00f1o de actividades con el que se busca potenciar los atractivos de <a class=\"mh-excerpt-more\" href=\"https:\/\/www.tucomarca.com\/wordpress\/segunda\/bunol-prepara-un-intenso-programa-de-actividades-para-las-fiestas-navidenas\/\" title=\"Bu\u00f1ol prepara un intenso programa de actividades para las fiestas navide\u00f1as\">[+] <\/a><\/div>\n","protected":false},"author":2,"featured_media":0,"comment_status":"open","ping_status":"open","sticky":false,"template":"","format":"standard","meta":{"footnotes":""},"categories":[4,18,8,10,3],"tags":[10385,828,536,1417],"class_list":{"0":"post-42724","1":"post","2":"type-post","3":"status-publish","4":"format-standard","6":"category-agenda","7":"category-bunol","8":"category-la-comarca","9":"category-la-hoya","10":"category-seccion","11":"tag-bunol","12":"tag-comercios","13":"tag-navidad","14":"tag-programa"},"_links":{"self":[{"href":"https:\/\/www.tucomarca.com\/wordpress\/segunda\/wp-json\/wp\/v2\/posts\/42724","targetHints":{"allow":["GET"]}}],"collection":[{"href":"https:\/\/www.tucomarca.com\/wordpress\/segunda\/wp-json\/wp\/v2\/posts"}],"about":[{"href":"https:\/\/www.tucomarca.com\/wordpress\/segunda\/wp-json\/wp\/v2\/types\/post"}],"author":[{"embeddable":true,"href":"https:\/\/www.tucomarca.com\/wordpress\/segunda\/wp-json\/wp\/v2\/users\/2"}],"replies":[{"embeddable":true,"href":"https:\/\/www.tucomarca.com\/wordpress\/segunda\/wp-json\/wp\/v2\/comments?post=42724"}],"version-history":[{"count":0,"href":"https:\/\/www.tucomarca.com\/wordpress\/segunda\/wp-json\/wp\/v2\/posts\/42724\/revisions"}],"wp:attachment":[{"href":"https:\/\/www.tucomarca.com\/wordpress\/segunda\/wp-json\/wp\/v2\/media?parent=42724"}],"wp:term":[{"taxonomy":"category","embeddable":true,"href":"https:\/\/www.tucomarca.com\/wordpress\/segunda\/wp-json\/wp\/v2\/categories?post=42724"},{"taxonomy":"post_tag","embeddable":true,"href":"https:\/\/www.tucomarca.com\/wordpress\/segunda\/wp-json\/wp\/v2\/tags?post=42724"}],"curies":[{"name":"wp","href":"https:\/\/api.w.org\/{rel}","templated":true}]}}