{"id":4276,"date":"2012-06-27T15:37:52","date_gmt":"2012-06-27T13:37:52","guid":{"rendered":"http:\/\/www.tucomarca.com\/wordpress\/segunda\/?p=4276"},"modified":"2012-06-27T15:37:52","modified_gmt":"2012-06-27T13:37:52","slug":"castellfabib-renovara-sus-equipos-informaticos-con-ayuda-de-la-diputacion","status":"publish","type":"post","link":"https:\/\/www.tucomarca.com\/wordpress\/segunda\/castellfabib-renovara-sus-equipos-informaticos-con-ayuda-de-la-diputacion\/","title":{"rendered":"Castellfabib renovar\u00e1 sus equipos inform\u00e1ticos con ayuda de la Diputaci\u00f3n"},"content":{"rendered":"<figure id=\"attachment_4277\" aria-describedby=\"caption-attachment-4277\" style=\"width: 300px\" class=\"wp-caption alignleft\"><a href=\"https:\/\/www.tucomarca.com\/wordpress\/segunda\/wp-content\/uploads\/2012\/06\/Castelfabib.jpg\"><img loading=\"lazy\" decoding=\"async\" class=\"size-medium wp-image-4277\" title=\"SONY DSC\" src=\"https:\/\/www.tucomarca.com\/wordpress\/segunda\/wp-content\/uploads\/2012\/06\/Castelfabib-300x265.jpg\" alt=\"Eduardo Aguilar y Alfonso Rus.\" width=\"300\" height=\"265\" srcset=\"https:\/\/www.tucomarca.com\/wordpress\/segunda\/wp-content\/uploads\/2012\/06\/Castelfabib-300x265.jpg 300w, https:\/\/www.tucomarca.com\/wordpress\/segunda\/wp-content\/uploads\/2012\/06\/Castelfabib.jpg 622w\" sizes=\"auto, (max-width: 300px) 100vw, 300px\" \/><\/a><figcaption id=\"caption-attachment-4277\" class=\"wp-caption-text\">Eduardo Aguilar y Alfonso Rus.<\/figcaption><\/figure>\n<p>La Diputaci\u00f3n de Valencia renovar\u00e1 los equipos inform\u00e1ticos del  ayuntamiento de Castelfabib. As\u00ed se ha acordado en el encuentro que ha  mantenido el presidente Alfonso Rus con el alcalde de la localidad,  Eduardo Aguilar Villalba, que estuvo acompa\u00f1ado por la  secretaria-interventora del Ayuntamiento, Carmen Ferrer.<\/p>\n<p>Aguilar ha informado tambi\u00e9n que \u201chemos analizado los problemas que  tenemos en el pueblo ante la delicada situaci\u00f3n econ\u00f3mica en que nos  encontramos los ayuntamientos, y los distintos planes de la corporaci\u00f3n  provincial a los que podemos acogernos\u201d.<\/p>\n<p>Por \u00faltimo, el alcalde ha aprovechado el encuentro para comentar que  la Diputaci\u00f3n de Valencia es una instituci\u00f3n \u201cmuy necesaria para todos  los municipios, en especial para los m\u00e1s peque\u00f1os, puesto que si su  ayuda no podr\u00edamos hacer nada. En el poco tiempo que llevo como alcalde  todas las ayudas que he recibido han sido de la Diputaci\u00f3n, que es quien  realmente nos ayuda\u201d.<\/p>\n","protected":false},"excerpt":{"rendered":"<div class=\"mh-excerpt\">La Diputaci\u00f3n de Valencia renovar\u00e1 los equipos inform\u00e1ticos del ayuntamiento de Castelfabib. As\u00ed se ha acordado en el encuentro que ha mantenido el presidente Alfonso Rus con el alcalde de la localidad, Eduardo Aguilar Villalba, <a class=\"mh-excerpt-more\" href=\"https:\/\/www.tucomarca.com\/wordpress\/segunda\/castellfabib-renovara-sus-equipos-informaticos-con-ayuda-de-la-diputacion\/\" title=\"Castellfabib renovar\u00e1 sus equipos inform\u00e1ticos con ayuda de la Diputaci\u00f3n\">[+] <\/a><\/div>\n","protected":false},"author":1,"featured_media":4277,"comment_status":"open","ping_status":"open","sticky":false,"template":"","format":"standard","meta":{"footnotes":""},"categories":[49,226,128,8,3],"tags":[],"class_list":{"0":"post-4276","1":"post","2":"type-post","3":"status-publish","4":"format-standard","5":"has-post-thumbnail","7":"category-ademuz","8":"category-castielfabib","9":"category-infraestructuras","10":"category-la-comarca","11":"category-seccion"},"_links":{"self":[{"href":"https:\/\/www.tucomarca.com\/wordpress\/segunda\/wp-json\/wp\/v2\/posts\/4276","targetHints":{"allow":["GET"]}}],"collection":[{"href":"https:\/\/www.tucomarca.com\/wordpress\/segunda\/wp-json\/wp\/v2\/posts"}],"about":[{"href":"https:\/\/www.tucomarca.com\/wordpress\/segunda\/wp-json\/wp\/v2\/types\/post"}],"author":[{"embeddable":true,"href":"https:\/\/www.tucomarca.com\/wordpress\/segunda\/wp-json\/wp\/v2\/users\/1"}],"replies":[{"embeddable":true,"href":"https:\/\/www.tucomarca.com\/wordpress\/segunda\/wp-json\/wp\/v2\/comments?post=4276"}],"version-history":[{"count":0,"href":"https:\/\/www.tucomarca.com\/wordpress\/segunda\/wp-json\/wp\/v2\/posts\/4276\/revisions"}],"wp:featuredmedia":[{"embeddable":true,"href":"https:\/\/www.tucomarca.com\/wordpress\/segunda\/wp-json\/wp\/v2\/media\/4277"}],"wp:attachment":[{"href":"https:\/\/www.tucomarca.com\/wordpress\/segunda\/wp-json\/wp\/v2\/media?parent=4276"}],"wp:term":[{"taxonomy":"category","embeddable":true,"href":"https:\/\/www.tucomarca.com\/wordpress\/segunda\/wp-json\/wp\/v2\/categories?post=4276"},{"taxonomy":"post_tag","embeddable":true,"href":"https:\/\/www.tucomarca.com\/wordpress\/segunda\/wp-json\/wp\/v2\/tags?post=4276"}],"curies":[{"name":"wp","href":"https:\/\/api.w.org\/{rel}","templated":true}]}}