{"id":42772,"date":"2015-12-18T14:44:09","date_gmt":"2015-12-18T11:44:09","guid":{"rendered":"http:\/\/www.tucomarca.com\/wordpress\/segunda\/?p=42772"},"modified":"2015-12-18T14:44:13","modified_gmt":"2015-12-18T11:44:13","slug":"el-ayuntamiento-de-turis-enciende-la-navidad","status":"publish","type":"post","link":"https:\/\/www.tucomarca.com\/wordpress\/segunda\/el-ayuntamiento-de-turis-enciende-la-navidad\/","title":{"rendered":"El Ayuntamiento de Tur\u00eds enciende la Navidad"},"content":{"rendered":"<p><a href=\"https:\/\/www.tucomarca.com\/wordpress\/segunda\/2015\/12\/el-ayuntamiento-de-turis-enciende-la-navidad\/img_0116\/\" rel=\"attachment wp-att-42773\"><img loading=\"lazy\" decoding=\"async\" src=\"https:\/\/www.tucomarca.com\/wordpress\/segunda\/wp-content\/uploads\/2015\/12\/IMG_0116-e1450439038277-300x188.jpg\" alt=\"\" title=\"IMG_0116\" width=\"300\" height=\"188\" class=\"alignleft size-medium wp-image-42773\" srcset=\"https:\/\/www.tucomarca.com\/wordpress\/segunda\/wp-content\/uploads\/2015\/12\/IMG_0116-e1450439038277-300x188.jpg 300w, https:\/\/www.tucomarca.com\/wordpress\/segunda\/wp-content\/uploads\/2015\/12\/IMG_0116-e1450439038277-1024x642.jpg 1024w, https:\/\/www.tucomarca.com\/wordpress\/segunda\/wp-content\/uploads\/2015\/12\/IMG_0116-e1450439038277.jpeg 1142w\" sizes=\"auto, (max-width: 300px) 100vw, 300px\" \/><\/a>El ayuntamiento de Tur\u00eds dar luz a la Navidad con la colocaci\u00f3n de adornos luminosos y carteles que confieren un ambiente m\u00e1s festivo a las calles. El \u00faltimo tramo de la calle M\u00e9dico Soler, la Plaza de la Constituci\u00f3n, la Plaza Vicent Ribes y la calle del beato Fernando Gonz\u00e1lez, por donde llegar\u00e1n los Reyes Magos de Oriente a Tur\u00eds el d\u00eda 5 de enero por la noche, presentan un aspecto que invita a pasear y contagiarse del esp\u00edritu de estos d\u00edas.<\/p>\n","protected":false},"excerpt":{"rendered":"<div class=\"mh-excerpt\">El ayuntamiento de Tur\u00eds dar luz a la Navidad con la colocaci\u00f3n de adornos luminosos y carteles que confieren un ambiente m\u00e1s festivo a las calles. El \u00faltimo tramo de la calle M\u00e9dico Soler, la <a class=\"mh-excerpt-more\" href=\"https:\/\/www.tucomarca.com\/wordpress\/segunda\/el-ayuntamiento-de-turis-enciende-la-navidad\/\" title=\"El Ayuntamiento de Tur\u00eds enciende la Navidad\">[+] <\/a><\/div>\n","protected":false},"author":2,"featured_media":42773,"comment_status":"open","ping_status":"open","sticky":false,"template":"","format":"standard","meta":{"footnotes":""},"categories":[8,42,3,43],"tags":[1115,9680,536,10394],"class_list":{"0":"post-42772","1":"post","2":"type-post","3":"status-publish","4":"format-standard","5":"has-post-thumbnail","7":"category-la-comarca","8":"category-la-ribera","9":"category-seccion","10":"category-turis","11":"tag-ayuntamiento","12":"tag-enciende","13":"tag-navidad","14":"tag-turis"},"_links":{"self":[{"href":"https:\/\/www.tucomarca.com\/wordpress\/segunda\/wp-json\/wp\/v2\/posts\/42772","targetHints":{"allow":["GET"]}}],"collection":[{"href":"https:\/\/www.tucomarca.com\/wordpress\/segunda\/wp-json\/wp\/v2\/posts"}],"about":[{"href":"https:\/\/www.tucomarca.com\/wordpress\/segunda\/wp-json\/wp\/v2\/types\/post"}],"author":[{"embeddable":true,"href":"https:\/\/www.tucomarca.com\/wordpress\/segunda\/wp-json\/wp\/v2\/users\/2"}],"replies":[{"embeddable":true,"href":"https:\/\/www.tucomarca.com\/wordpress\/segunda\/wp-json\/wp\/v2\/comments?post=42772"}],"version-history":[{"count":0,"href":"https:\/\/www.tucomarca.com\/wordpress\/segunda\/wp-json\/wp\/v2\/posts\/42772\/revisions"}],"wp:featuredmedia":[{"embeddable":true,"href":"https:\/\/www.tucomarca.com\/wordpress\/segunda\/wp-json\/wp\/v2\/media\/42773"}],"wp:attachment":[{"href":"https:\/\/www.tucomarca.com\/wordpress\/segunda\/wp-json\/wp\/v2\/media?parent=42772"}],"wp:term":[{"taxonomy":"category","embeddable":true,"href":"https:\/\/www.tucomarca.com\/wordpress\/segunda\/wp-json\/wp\/v2\/categories?post=42772"},{"taxonomy":"post_tag","embeddable":true,"href":"https:\/\/www.tucomarca.com\/wordpress\/segunda\/wp-json\/wp\/v2\/tags?post=42772"}],"curies":[{"name":"wp","href":"https:\/\/api.w.org\/{rel}","templated":true}]}}