{"id":42809,"date":"2015-12-21T11:02:19","date_gmt":"2015-12-21T08:02:19","guid":{"rendered":"http:\/\/www.tucomarca.com\/wordpress\/segunda\/?p=42809"},"modified":"2015-12-21T11:08:36","modified_gmt":"2015-12-21T08:08:36","slug":"el-pp-se-recupera-en-el-interior-mientras-podemos-compromis-se-convierte-en-la-segunda-fuerza-por-delante-del-pspv-psoe","status":"publish","type":"post","link":"https:\/\/www.tucomarca.com\/wordpress\/segunda\/el-pp-se-recupera-en-el-interior-mientras-podemos-compromis-se-convierte-en-la-segunda-fuerza-por-delante-del-pspv-psoe\/","title":{"rendered":"El PP se recupera en el interior; mientras Podemos-Comprom\u00eds se convierte en la segunda fuerza por delante del PSPV-PSOE"},"content":{"rendered":"<p>El Partido Popular volvi\u00f3 a recuperar parte del electorado perdido en muchas de las localidades m\u00e1s pobladas del interior de la provincia de Valencia, ganando pr\u00e1cticamente en todos los pueblos del interior.<\/p>\n<p>As\u00ed, los populares fueron la lista m\u00e1s votada en pueblos como Chiva, Cheste, Requena, Utiel, La Pobla de Vallbona, Riba-roja, Loriguilla, Ademuz, Ayora, Cofrentes, Alzira, Chella o Tur\u00eds; por lo que el PP ha vuelto a recuperar su hegemon\u00eda en pr\u00e1cticamente en todas las comarcas del interior desde La Hoya de Bu\u00f1ol Chiva, pasando por Requena-Utiel, Camp de T\u00faria, Ademuz, La Canal de Navarr\u00e9s, El Valle de Ayora-Cofrentes, La Ribera Alta y Los Serranos.<\/p>\n<p>Por localidades, el PP venci\u00f3 en todas las de La Hoya de Bu\u00f1ol-Chiva (Alborache, Chiva, Cheste, Dos Aguas, Godelleta, Macastre, Y\u00e1tova) a excepci\u00f3n de Bu\u00f1ol donde Comprom\u00eds-Podemos fue la lista m\u00e1s votada cosechando el resultado m\u00e1s espectacular pasando de los 139 votos obtenidos en las Elecciones Genrales de 2011 a los 2.008 sufragios recibidos este domingo.<\/p>\n<p>Una victoria popular que se repiti\u00f3 en pr\u00e1cticamente todos los pueblos del interior a excepi\u00f3n de unos pocos. Este fue el caso de Cortes de Pall\u00e1s (comarca de Ayora-Cofrentes), donde el PSOE fue la lista m\u00e1s votada al igual que en Casas Altas (comarca de Ademuz); mientras que Comprom\u00eds-Podemos fue la segunda m\u00e1s votada, por delante del PSPV-PSOE en pueblos como Alborache, Chiva, Cheste, Riba-roja, Alzira, Godelleta, Macastre, entre otras localidades.<\/p>\n<p>Aunque el PSPV-PSOE logr\u00f3 mantenerse como segunda fuerza en Utiel, Requena, Camporrobles, Chella, Dos Aguas, Jalance, Jarafuel, Siete Aguas, Caudete de las Fuentes, entre otros pueblos.<\/p>\n<p>Por su parte, Ciudadanos tambi\u00e9n dio muestras de que se mantiene su tendencia al alza de las \u00faltimas elecciones auton\u00f3micas; mientras EU se diluye con una p\u00e9rdida enorme de votos en pr\u00e1cticamente todas las comarcas.<\/p>\n","protected":false},"excerpt":{"rendered":"<div class=\"mh-excerpt\">El Partido Popular volvi\u00f3 a recuperar parte del electorado perdido en muchas de las localidades m\u00e1s pobladas del interior de la provincia de Valencia, ganando pr\u00e1cticamente en todos los pueblos del interior. As\u00ed, los populares <a class=\"mh-excerpt-more\" href=\"https:\/\/www.tucomarca.com\/wordpress\/segunda\/el-pp-se-recupera-en-el-interior-mientras-podemos-compromis-se-convierte-en-la-segunda-fuerza-por-delante-del-pspv-psoe\/\" title=\"El PP se recupera en el interior; mientras Podemos-Comprom\u00eds se convierte en la segunda fuerza por delante del PSPV-PSOE\">[+] <\/a><\/div>\n","protected":false},"author":1,"featured_media":0,"comment_status":"open","ping_status":"open","sticky":false,"template":"","format":"standard","meta":{"footnotes":""},"categories":[49,38,46,70,8,10,42,59,142,27,3],"tags":[],"class_list":{"0":"post-42809","1":"post","2":"type-post","3":"status-publish","4":"format-standard","6":"category-ademuz","7":"category-ayora-cofrentes","8":"category-camp-de-turia","9":"category-la-canal-de-navarres","10":"category-la-comarca","11":"category-la-hoya","12":"category-la-ribera","13":"category-los-serranos","14":"category-politica-la-comarca","15":"category-requena-utiel","16":"category-seccion"},"_links":{"self":[{"href":"https:\/\/www.tucomarca.com\/wordpress\/segunda\/wp-json\/wp\/v2\/posts\/42809","targetHints":{"allow":["GET"]}}],"collection":[{"href":"https:\/\/www.tucomarca.com\/wordpress\/segunda\/wp-json\/wp\/v2\/posts"}],"about":[{"href":"https:\/\/www.tucomarca.com\/wordpress\/segunda\/wp-json\/wp\/v2\/types\/post"}],"author":[{"embeddable":true,"href":"https:\/\/www.tucomarca.com\/wordpress\/segunda\/wp-json\/wp\/v2\/users\/1"}],"replies":[{"embeddable":true,"href":"https:\/\/www.tucomarca.com\/wordpress\/segunda\/wp-json\/wp\/v2\/comments?post=42809"}],"version-history":[{"count":0,"href":"https:\/\/www.tucomarca.com\/wordpress\/segunda\/wp-json\/wp\/v2\/posts\/42809\/revisions"}],"wp:attachment":[{"href":"https:\/\/www.tucomarca.com\/wordpress\/segunda\/wp-json\/wp\/v2\/media?parent=42809"}],"wp:term":[{"taxonomy":"category","embeddable":true,"href":"https:\/\/www.tucomarca.com\/wordpress\/segunda\/wp-json\/wp\/v2\/categories?post=42809"},{"taxonomy":"post_tag","embeddable":true,"href":"https:\/\/www.tucomarca.com\/wordpress\/segunda\/wp-json\/wp\/v2\/tags?post=42809"}],"curies":[{"name":"wp","href":"https:\/\/api.w.org\/{rel}","templated":true}]}}