{"id":4281,"date":"2012-06-27T15:41:59","date_gmt":"2012-06-27T13:41:59","guid":{"rendered":"http:\/\/www.tucomarca.com\/wordpress\/segunda\/?p=4281"},"modified":"2012-06-27T15:41:59","modified_gmt":"2012-06-27T13:41:59","slug":"3-792-estudiantes-se-incorporan-este-lunes-a-365-ayuntamientos-de-%e2%80%98la-dipu-te-beca%e2%80%99","status":"publish","type":"post","link":"https:\/\/www.tucomarca.com\/wordpress\/segunda\/3-792-estudiantes-se-incorporan-este-lunes-a-365-ayuntamientos-de-%e2%80%98la-dipu-te-beca%e2%80%99\/","title":{"rendered":"3.792 estudiantes se incorporan este lunes a 365 ayuntamientos de \u2018La Dipu te Beca\u2019"},"content":{"rendered":"<p>El  pr\u00f3ximo lunes se incorporar\u00e1n a los ayuntamientos un total de 3.792  becarios procedentes del programa \u2018La Dipu te Beca\u2019, en el que este a\u00f1o  ha participado el 99% de entidades locales de la provincia.<\/p>\n<p>En  total, los consistorios han recibido algo m\u00e1s de 9.600 solicitudes  para, posteriormente, hacer una selecci\u00f3n teniendo en cuenta la  situaci\u00f3n socio-econ\u00f3mica de los estudiantes. Han valorado tambi\u00e9n con  car\u00e1cter preferente aquellos casos en los que el solicitante ha  acreditado situaci\u00f3n de discapacidad, as\u00ed como el hecho de no haber  disfrutado de ninguna beca en el marco de este programa en las ediciones  anteriores.<\/p>\n<p>La  Diputaci\u00f3n de Valencia ha concedido 3.046 pr\u00e1cticas formativas y  algunos municipios han repartido cada beca entre dos estudiantes.<\/p>\n<p>La  gran mayor\u00eda de las poblaciones de la provincia participan en este  proyecto de la corporaci\u00f3n provincial, que ofrece la posibilidad de que  los mayores de 18 a\u00f1os puedan realizar pr\u00e1cticas en las entidades  locales durante los meses de julio y agosto.<\/p>\n<p><strong>Una inversi\u00f3n de 2.898.485 euros<\/strong><\/p>\n<p>Para  llevar a cabo este proyecto la Diputaci\u00f3n de Valencia ha presupuestado  una dotaci\u00f3n de 2.898.485 euros. Cada becario percibir\u00e1 un total de 500  euros mensuales, de los cuales la corporaci\u00f3n provincial subvenciona 400  euros y los 100 restantes los pagar\u00e1n los consistorios.<\/p>\n<p>Los  beneficiarios de estas becas est\u00e1n cursando alg\u00fan ciclo de Formaci\u00f3n  Profesional o ense\u00f1anzas universitarias oficiales de Grado,  diplomaturas, licenciaturas o m\u00e1ster oficial impartido por las  universidades.<\/p>\n<p>El  99% de las poblaciones participa en este proyecto. Concretamente 365  municipios de la provincia se han acogido al programa de pr\u00e1cticas  formativas. La comarca que m\u00e1s estudiantes acoge es la Ribera Alta (530  becarios), seguida de l\u2019Horta Oest (506) y Camp de T\u00faria (329).<\/p>\n<p>Apuesta por la creaci\u00f3n de empleo<\/p>\n<p>A  ra\u00edz de este programa, que ofrece la posibilidad de que los j\u00f3venes  mantenga un primer contacto con el mundo laboral, la Diputaci\u00f3n de  Valencia y la Generalitat pondr\u00e1n en marcha un proyecto com\u00fan que se  ajuste a las necesidades de la situaci\u00f3n actual y que impulse la  creaci\u00f3n de empleo, tal como se acord\u00f3 en una reuni\u00f3n institucional  mantenida entre el presidente de la corporaci\u00f3n provincial, Alfonso Rus,  con la consellera de Educaci\u00f3n, Formaci\u00f3n y Ocupaci\u00f3n, Maria Jos\u00e9  Catal\u00e0.<\/p>\n<p>Catal\u00e0  ha informado que se reunieron con el fin de \u201cimpulsar la colaboraci\u00f3n  en materia de ocupaci\u00f3n con el fin de optimizar los recursos disponibles  y beneficiar a todos las poblaciones de la provincia\u201d.<\/p>\n<p>En  este sentido, la consellera ha findicado que \u201ces necesario realizar una  planificaci\u00f3n conjunta de las pol\u00edticas activas de educaci\u00f3n y que haya  una colaboraci\u00f3n administrativa\u201d.<\/p>\n<p>Por \u00faltimo, Catal\u00e0 ha adelantado que para principios de septiembre arrancar\u00e1 esta coordinaci\u00f3n entre ambas instituciones.<\/p>\n<p><strong>N\u00famero de becarios por comarcas:<\/strong><\/p>\n<table border=\"0\" cellspacing=\"0\" cellpadding=\"0\" width=\"264\">\n<tbody>\n<tr>\n<td>Comarca<\/td>\n<td>Becas<\/td>\n<\/tr>\n<tr>\n<td>Camp de Morvedre<\/td>\n<td>186<\/td>\n<\/tr>\n<tr>\n<td>Camp de Turia<\/td>\n<td>329<\/td>\n<\/tr>\n<tr>\n<td>El Valle de Ayora<\/td>\n<td>39<\/td>\n<\/tr>\n<tr>\n<td>L\u2019Horta Nord<\/td>\n<td>375<\/td>\n<\/tr>\n<tr>\n<td>L\u2019Horta Oest<\/td>\n<td>506<\/td>\n<\/tr>\n<tr>\n<td>L\u2019Horta Sud<\/td>\n<td>274<\/td>\n<\/tr>\n<tr>\n<td>La Canal de Navarr\u00e9s<\/td>\n<td>105<\/td>\n<\/tr>\n<tr>\n<td>La Costera<\/td>\n<td>179<\/td>\n<\/tr>\n<tr>\n<td>La Hoyade Bunyol<\/td>\n<td>121<\/td>\n<\/tr>\n<tr>\n<td>La RiberaAlta<\/td>\n<td>530<\/td>\n<\/tr>\n<tr>\n<td>La RiberaBaixa<\/td>\n<td>161<\/td>\n<\/tr>\n<tr>\n<td>La Safor<\/td>\n<td>322<\/td>\n<\/tr>\n<tr>\n<td>La Valld\u2019Albaida<\/td>\n<td>284<\/td>\n<\/tr>\n<tr>\n<td>Los Serranos<\/td>\n<td>114<\/td>\n<\/tr>\n<tr>\n<td>Requena-Utiel<\/td>\n<td>91<\/td>\n<\/tr>\n<tr>\n<td>Rinc\u00f3n de Adem\u00faz<\/td>\n<td>23<\/td>\n<\/tr>\n<tr>\n<td>Valencia<\/td>\n<td>150<\/td>\n<\/tr>\n<\/tbody>\n<\/table>\n","protected":false},"excerpt":{"rendered":"<div class=\"mh-excerpt\">El pr\u00f3ximo lunes se incorporar\u00e1n a los ayuntamientos un total de 3.792 becarios procedentes del programa \u2018La Dipu te Beca\u2019, en el que este a\u00f1o ha participado el 99% de entidades locales de la provincia. <a class=\"mh-excerpt-more\" href=\"https:\/\/www.tucomarca.com\/wordpress\/segunda\/3-792-estudiantes-se-incorporan-este-lunes-a-365-ayuntamientos-de-%e2%80%98la-dipu-te-beca%e2%80%99\/\" title=\"3.792 estudiantes se incorporan este lunes a 365 ayuntamientos de \u2018La Dipu te Beca\u2019\">[+] <\/a><\/div>\n","protected":false},"author":1,"featured_media":0,"comment_status":"open","ping_status":"open","sticky":false,"template":"","format":"standard","meta":{"footnotes":""},"categories":[72,3],"tags":[],"class_list":{"0":"post-4281","1":"post","2":"type-post","3":"status-publish","4":"format-standard","6":"category-sin-categorizar","7":"category-seccion"},"_links":{"self":[{"href":"https:\/\/www.tucomarca.com\/wordpress\/segunda\/wp-json\/wp\/v2\/posts\/4281","targetHints":{"allow":["GET"]}}],"collection":[{"href":"https:\/\/www.tucomarca.com\/wordpress\/segunda\/wp-json\/wp\/v2\/posts"}],"about":[{"href":"https:\/\/www.tucomarca.com\/wordpress\/segunda\/wp-json\/wp\/v2\/types\/post"}],"author":[{"embeddable":true,"href":"https:\/\/www.tucomarca.com\/wordpress\/segunda\/wp-json\/wp\/v2\/users\/1"}],"replies":[{"embeddable":true,"href":"https:\/\/www.tucomarca.com\/wordpress\/segunda\/wp-json\/wp\/v2\/comments?post=4281"}],"version-history":[{"count":0,"href":"https:\/\/www.tucomarca.com\/wordpress\/segunda\/wp-json\/wp\/v2\/posts\/4281\/revisions"}],"wp:attachment":[{"href":"https:\/\/www.tucomarca.com\/wordpress\/segunda\/wp-json\/wp\/v2\/media?parent=4281"}],"wp:term":[{"taxonomy":"category","embeddable":true,"href":"https:\/\/www.tucomarca.com\/wordpress\/segunda\/wp-json\/wp\/v2\/categories?post=4281"},{"taxonomy":"post_tag","embeddable":true,"href":"https:\/\/www.tucomarca.com\/wordpress\/segunda\/wp-json\/wp\/v2\/tags?post=4281"}],"curies":[{"name":"wp","href":"https:\/\/api.w.org\/{rel}","templated":true}]}}