{"id":4284,"date":"2012-06-27T16:54:24","date_gmt":"2012-06-27T14:54:24","guid":{"rendered":"http:\/\/www.tucomarca.com\/wordpress\/segunda\/?p=4284"},"modified":"2012-06-27T16:54:24","modified_gmt":"2012-06-27T14:54:24","slug":"la-alcaldesa-de-macastre-se-interesa-por-el-plan-de-choque-de-la-diputacion","status":"publish","type":"post","link":"https:\/\/www.tucomarca.com\/wordpress\/segunda\/la-alcaldesa-de-macastre-se-interesa-por-el-plan-de-choque-de-la-diputacion\/","title":{"rendered":"La alcaldesa de Macastre se interesa por el Plan de Choque de la Diputaci\u00f3n"},"content":{"rendered":"<figure id=\"attachment_4285\" aria-describedby=\"caption-attachment-4285\" style=\"width: 300px\" class=\"wp-caption alignleft\"><a href=\"https:\/\/www.tucomarca.com\/wordpress\/segunda\/wp-content\/uploads\/2012\/06\/MJCAsero.jpg\"><img loading=\"lazy\" decoding=\"async\" class=\"size-medium wp-image-4285\" title=\"SONY DSC\" src=\"https:\/\/www.tucomarca.com\/wordpress\/segunda\/wp-content\/uploads\/2012\/06\/MJCAsero-300x199.jpg\" alt=\"La alcaldesa reunida con el diputado de Empresas P\u00fablicas.\" width=\"300\" height=\"199\" srcset=\"https:\/\/www.tucomarca.com\/wordpress\/segunda\/wp-content\/uploads\/2012\/06\/MJCAsero-300x199.jpg 300w, https:\/\/www.tucomarca.com\/wordpress\/segunda\/wp-content\/uploads\/2012\/06\/MJCAsero-1024x680.jpg 1024w\" sizes=\"auto, (max-width: 300px) 100vw, 300px\" \/><\/a><figcaption id=\"caption-attachment-4285\" class=\"wp-caption-text\">La alcaldesa reunida con el diputado de Empresas P\u00fablicas.<\/figcaption><\/figure>\n<p>El diputado de Empresas P\u00fablicas, Rafael P\u00e9rez, ha recibido  en la sede de la corporaci\u00f3n provincial a la alcaldesa de Macastre, M\u00aa  Jos\u00e9 Casero, con el fin de analizar y tratar de mejorar la gesti\u00f3n de  pagos del ayuntamiento del municipio, tal como han informado fuentes de la Diputaci\u00f3n.<\/p>\n<p>La alcaldesa ha destacado \u201cla  cercan\u00eda y la buena disposici\u00f3n\u201d del diputado y ha calificado de  \u201cexcelente\u201d la labor de la Diputaci\u00f3n de Valencia para ayudar a los  municipios a solucionar sus problemas.<\/p>\n<p>El diputado ha explicado a la  responsable local los detalles del segundo Plan de Choque para el pago  de facturas pendientes de los consistorios con proveedores y  contratistas, con el que la Diputaci\u00f3n de Valencia pretende ayudar a los  consistorios a sanear sus cuentas y mejorar su econom\u00eda en la dif\u00edcil  situaci\u00f3n econ\u00f3mica actual.<\/p>\n","protected":false},"excerpt":{"rendered":"<div class=\"mh-excerpt\">El diputado de Empresas P\u00fablicas, Rafael P\u00e9rez, ha recibido en la sede de la corporaci\u00f3n provincial a la alcaldesa de Macastre, M\u00aa Jos\u00e9 Casero, con el fin de analizar y tratar de mejorar la gesti\u00f3n <a class=\"mh-excerpt-more\" href=\"https:\/\/www.tucomarca.com\/wordpress\/segunda\/la-alcaldesa-de-macastre-se-interesa-por-el-plan-de-choque-de-la-diputacion\/\" title=\"La alcaldesa de Macastre se interesa por el Plan de Choque de la Diputaci\u00f3n\">[+] <\/a><\/div>\n","protected":false},"author":1,"featured_media":4285,"comment_status":"open","ping_status":"open","sticky":false,"template":"","format":"standard","meta":{"footnotes":""},"categories":[8,10,13,3],"tags":[],"class_list":{"0":"post-4284","1":"post","2":"type-post","3":"status-publish","4":"format-standard","5":"has-post-thumbnail","7":"category-la-comarca","8":"category-la-hoya","9":"category-macastre","10":"category-seccion"},"_links":{"self":[{"href":"https:\/\/www.tucomarca.com\/wordpress\/segunda\/wp-json\/wp\/v2\/posts\/4284","targetHints":{"allow":["GET"]}}],"collection":[{"href":"https:\/\/www.tucomarca.com\/wordpress\/segunda\/wp-json\/wp\/v2\/posts"}],"about":[{"href":"https:\/\/www.tucomarca.com\/wordpress\/segunda\/wp-json\/wp\/v2\/types\/post"}],"author":[{"embeddable":true,"href":"https:\/\/www.tucomarca.com\/wordpress\/segunda\/wp-json\/wp\/v2\/users\/1"}],"replies":[{"embeddable":true,"href":"https:\/\/www.tucomarca.com\/wordpress\/segunda\/wp-json\/wp\/v2\/comments?post=4284"}],"version-history":[{"count":0,"href":"https:\/\/www.tucomarca.com\/wordpress\/segunda\/wp-json\/wp\/v2\/posts\/4284\/revisions"}],"wp:featuredmedia":[{"embeddable":true,"href":"https:\/\/www.tucomarca.com\/wordpress\/segunda\/wp-json\/wp\/v2\/media\/4285"}],"wp:attachment":[{"href":"https:\/\/www.tucomarca.com\/wordpress\/segunda\/wp-json\/wp\/v2\/media?parent=4284"}],"wp:term":[{"taxonomy":"category","embeddable":true,"href":"https:\/\/www.tucomarca.com\/wordpress\/segunda\/wp-json\/wp\/v2\/categories?post=4284"},{"taxonomy":"post_tag","embeddable":true,"href":"https:\/\/www.tucomarca.com\/wordpress\/segunda\/wp-json\/wp\/v2\/tags?post=4284"}],"curies":[{"name":"wp","href":"https:\/\/api.w.org\/{rel}","templated":true}]}}