{"id":42893,"date":"2015-12-24T12:01:49","date_gmt":"2015-12-24T09:01:49","guid":{"rendered":"http:\/\/www.tucomarca.com\/wordpress\/segunda\/?p=42893"},"modified":"2015-12-24T12:01:53","modified_gmt":"2015-12-24T09:01:53","slug":"ximo-puig-ha-asistido-al-recital-de-villancicos-del-coro-infantil-del-conservatorio-de-lliria","status":"publish","type":"post","link":"https:\/\/www.tucomarca.com\/wordpress\/segunda\/ximo-puig-ha-asistido-al-recital-de-villancicos-del-coro-infantil-del-conservatorio-de-lliria\/","title":{"rendered":"Ximo Puig ha asistido al recital de villancicos del coro infantil del Conservatorio de Ll\u00edria"},"content":{"rendered":"<p><a href=\"https:\/\/www.tucomarca.com\/wordpress\/segunda\/2015\/12\/ximo-puig-ha-asistido-al-recital-de-villancicos-del-coro-infantil-del-conservatorio-de-lliria\/president_coro-lliria\/\" rel=\"attachment wp-att-42894\"><img loading=\"lazy\" decoding=\"async\" src=\"https:\/\/www.tucomarca.com\/wordpress\/segunda\/wp-content\/uploads\/2015\/12\/President_Coro-Lliria-e1450947699735-300x176.jpg\" alt=\"\" title=\"President_Coro Lliria\" width=\"300\" height=\"176\" class=\"alignleft size-medium wp-image-42894\" srcset=\"https:\/\/www.tucomarca.com\/wordpress\/segunda\/wp-content\/uploads\/2015\/12\/President_Coro-Lliria-e1450947699735-300x176.jpg 300w, https:\/\/www.tucomarca.com\/wordpress\/segunda\/wp-content\/uploads\/2015\/12\/President_Coro-Lliria-e1450947699735-1024x603.jpg 1024w\" sizes=\"auto, (max-width: 300px) 100vw, 300px\" \/><\/a>El President de la Generalitat, Ximo Puig, ha asistido al recital de villancicos del coro infantil del Conservatorio de Ll\u00edria. En esta ocasi\u00f3n han sido j\u00f3venes de entre 14 y 18 a\u00f1os los que han interpretado un repertorio de villancicos de distintos pa\u00edses del mundo compuesto por Dona Nobis Pacem, Canto de Honor, Siyahamba (Zul\u00fa), Banaja (Congo), Auld Lang Syne (Escocia), Ding Dong! Merrily on high (Inglaterra), Away in a manger (Inglaterra) y Stille Nacht.<br \/>\nXimo Puig ha estado acompa\u00f1ado por el Director del Conservatorio, C\u00e9sar Antonio Garc, y el Director del Coro, Rafael Serrallet.<br \/>\nEsta actuaci\u00f3n se enmarca dentro de la programaci\u00f3n cultural de El Nadal al Palau que se est\u00e1 llevando a cabo en el Patio G\u00f3tico del Palau de la Generalitat.<\/p>\n","protected":false},"excerpt":{"rendered":"<div class=\"mh-excerpt\">El President de la Generalitat, Ximo Puig, ha asistido al recital de villancicos del coro infantil del Conservatorio de Ll\u00edria. En esta ocasi\u00f3n han sido j\u00f3venes de entre 14 y 18 a\u00f1os los que han <a class=\"mh-excerpt-more\" href=\"https:\/\/www.tucomarca.com\/wordpress\/segunda\/ximo-puig-ha-asistido-al-recital-de-villancicos-del-coro-infantil-del-conservatorio-de-lliria\/\" title=\"Ximo Puig ha asistido al recital de villancicos del coro infantil del Conservatorio de Ll\u00edria\">[+] <\/a><\/div>\n","protected":false},"author":2,"featured_media":42894,"comment_status":"open","ping_status":"open","sticky":false,"template":"","format":"standard","meta":{"footnotes":""},"categories":[46,8,47,3,45],"tags":[9722,1372,10396,9721,2972],"class_list":{"0":"post-42893","1":"post","2":"type-post","3":"status-publish","4":"format-standard","5":"has-post-thumbnail","7":"category-camp-de-turia","8":"category-la-comarca","9":"category-lliria","10":"category-seccion","11":"category-ventana","12":"tag-conservaorio","13":"tag-coro","14":"tag-lliria","15":"tag-villancicos","16":"tag-ximo-puig"},"_links":{"self":[{"href":"https:\/\/www.tucomarca.com\/wordpress\/segunda\/wp-json\/wp\/v2\/posts\/42893","targetHints":{"allow":["GET"]}}],"collection":[{"href":"https:\/\/www.tucomarca.com\/wordpress\/segunda\/wp-json\/wp\/v2\/posts"}],"about":[{"href":"https:\/\/www.tucomarca.com\/wordpress\/segunda\/wp-json\/wp\/v2\/types\/post"}],"author":[{"embeddable":true,"href":"https:\/\/www.tucomarca.com\/wordpress\/segunda\/wp-json\/wp\/v2\/users\/2"}],"replies":[{"embeddable":true,"href":"https:\/\/www.tucomarca.com\/wordpress\/segunda\/wp-json\/wp\/v2\/comments?post=42893"}],"version-history":[{"count":0,"href":"https:\/\/www.tucomarca.com\/wordpress\/segunda\/wp-json\/wp\/v2\/posts\/42893\/revisions"}],"wp:featuredmedia":[{"embeddable":true,"href":"https:\/\/www.tucomarca.com\/wordpress\/segunda\/wp-json\/wp\/v2\/media\/42894"}],"wp:attachment":[{"href":"https:\/\/www.tucomarca.com\/wordpress\/segunda\/wp-json\/wp\/v2\/media?parent=42893"}],"wp:term":[{"taxonomy":"category","embeddable":true,"href":"https:\/\/www.tucomarca.com\/wordpress\/segunda\/wp-json\/wp\/v2\/categories?post=42893"},{"taxonomy":"post_tag","embeddable":true,"href":"https:\/\/www.tucomarca.com\/wordpress\/segunda\/wp-json\/wp\/v2\/tags?post=42893"}],"curies":[{"name":"wp","href":"https:\/\/api.w.org\/{rel}","templated":true}]}}