{"id":42898,"date":"2015-12-24T13:55:42","date_gmt":"2015-12-24T10:55:42","guid":{"rendered":"http:\/\/www.tucomarca.com\/wordpress\/segunda\/?p=42898"},"modified":"2015-12-24T13:55:42","modified_gmt":"2015-12-24T10:55:42","slug":"video-entrevista-al-alcalde-de-cortes-de-pallas-con-motivo-de-la-apertura-de-la-carretera-cortada","status":"publish","type":"post","link":"https:\/\/www.tucomarca.com\/wordpress\/segunda\/video-entrevista-al-alcalde-de-cortes-de-pallas-con-motivo-de-la-apertura-de-la-carretera-cortada\/","title":{"rendered":"V\u00eddeo entrevista: al alcalde de Cortes de Pall\u00e1s con motivo de la apertura de la carretera cortada"},"content":{"rendered":"<p>Aqu\u00ed os dejamos la\u00a0v\u00eddeo entrevista realizada por tucomarca televisi\u00f3n al alcalde de Cortes de Pall\u00e1s, Fernando Navarro, con motivo de la apertura carretera de la localidad cortada por un desprendimiento.<\/p>\n<p>&nbsp;<\/p>\n","protected":false},"excerpt":{"rendered":"<div class=\"mh-excerpt\">Aqu\u00ed os dejamos la\u00a0v\u00eddeo entrevista realizada por tucomarca televisi\u00f3n al alcalde de Cortes de Pall\u00e1s, Fernando Navarro, con motivo de la apertura carretera de la localidad cortada por un desprendimiento. &nbsp;<\/div>\n","protected":false},"author":1,"featured_media":0,"comment_status":"open","ping_status":"open","sticky":false,"template":"","format":"standard","meta":{"footnotes":""},"categories":[38,40,128,8,10,3,116,26],"tags":[],"class_list":{"0":"post-42898","1":"post","2":"type-post","3":"status-publish","4":"format-standard","6":"category-ayora-cofrentes","7":"category-cortes-de-pallas","8":"category-infraestructuras","9":"category-la-comarca","10":"category-la-hoya","11":"category-seccion","12":"category-sucesos-la-comarca","13":"category-video"},"_links":{"self":[{"href":"https:\/\/www.tucomarca.com\/wordpress\/segunda\/wp-json\/wp\/v2\/posts\/42898","targetHints":{"allow":["GET"]}}],"collection":[{"href":"https:\/\/www.tucomarca.com\/wordpress\/segunda\/wp-json\/wp\/v2\/posts"}],"about":[{"href":"https:\/\/www.tucomarca.com\/wordpress\/segunda\/wp-json\/wp\/v2\/types\/post"}],"author":[{"embeddable":true,"href":"https:\/\/www.tucomarca.com\/wordpress\/segunda\/wp-json\/wp\/v2\/users\/1"}],"replies":[{"embeddable":true,"href":"https:\/\/www.tucomarca.com\/wordpress\/segunda\/wp-json\/wp\/v2\/comments?post=42898"}],"version-history":[{"count":0,"href":"https:\/\/www.tucomarca.com\/wordpress\/segunda\/wp-json\/wp\/v2\/posts\/42898\/revisions"}],"wp:attachment":[{"href":"https:\/\/www.tucomarca.com\/wordpress\/segunda\/wp-json\/wp\/v2\/media?parent=42898"}],"wp:term":[{"taxonomy":"category","embeddable":true,"href":"https:\/\/www.tucomarca.com\/wordpress\/segunda\/wp-json\/wp\/v2\/categories?post=42898"},{"taxonomy":"post_tag","embeddable":true,"href":"https:\/\/www.tucomarca.com\/wordpress\/segunda\/wp-json\/wp\/v2\/tags?post=42898"}],"curies":[{"name":"wp","href":"https:\/\/api.w.org\/{rel}","templated":true}]}}