{"id":42924,"date":"2015-12-28T21:57:24","date_gmt":"2015-12-28T18:57:24","guid":{"rendered":"http:\/\/www.tucomarca.com\/wordpress\/segunda\/?p=42924"},"modified":"2015-12-28T21:57:24","modified_gmt":"2015-12-28T18:57:24","slug":"manises-alerta-de-que-el-abuso-de-maquillaje-en-navidad-puede-aumentar-las-reacciones-irritativas-y-los-casos-de-dermatitis","status":"publish","type":"post","link":"https:\/\/www.tucomarca.com\/wordpress\/segunda\/manises-alerta-de-que-el-abuso-de-maquillaje-en-navidad-puede-aumentar-las-reacciones-irritativas-y-los-casos-de-dermatitis\/","title":{"rendered":"Manises alerta de que el abuso de maquillaje en Navidad puede aumentar las reacciones irritativas y los casos de dermatitis"},"content":{"rendered":"<p>Las fiestas navide\u00f1as son, sin duda, una de las fechas en las que m\u00e1s cosm\u00e9ticos y maquillajes se utilizan. En general, se trata de productos seguros, sometidos a exhaustivos controles de calidad pero que, en algunos casos, pueden producir alergia o reacciones adversas. \u201cEl abuso de maquillaje en estas fechas puede aumentar las reacciones irritativas y los casos de dermatitis\u201d, como ha explicado la doctora M\u00aa Luisa Garc\u00eda-Melgares, dermat\u00f3loga del Hospital de Manises.<\/p>\n<p>En el caso de las reacciones adversas, explican los especialistas, suelen producirse por el mal uso del producto. \u201cSi se encuentra caducado, se ha producido alguna contaminaci\u00f3n al estar abierto o mal almacenado o bien lo hemos aplicado en zonas diferentes a las indicadas\u201d, explica la dermat\u00f3loga de Manises. En otros casos, se trata de verdaderas \u2018alergias\u2019 al maquillaje o de personas que tienen la piel intolerante a los cosm\u00e9ticos. \u201cLa alergia a estos productos suele manifestarse en forma de dermatitis, (inflamaci\u00f3n de la piel en la zona afectada), con signos de eritema (enrojecimiento de la piel), sequedad, descamaci\u00f3n o incluso peque\u00f1as ves\u00edculas en caso de tratarse de una reacci\u00f3n al\u00e9rgica aguda o intensa\u201d, destaca Garc\u00eda-Melgares. Todo ello acompa\u00f1ado de s\u00edntomas como picor, escozor o sensaci\u00f3n de quemaz\u00f3n en la zona afectada.<\/p>\n<p>Los especialistas advierten que cualquier usuario puede ser susceptible de presentar una reacci\u00f3n al\u00e9rgica por maquillaje, as\u00ed como cualquier producto puede producir reacci\u00f3n al\u00e9rgica. \u201cAunque suelen estar m\u00e1s predispuestos aquellos pacientes con pieles at\u00f3picas o pacientes con antecedentes de otras enfermedades al\u00e9rgicas como rinitis o conjuntivitis\u201d, se\u00f1ala la dermat\u00f3loga del Hospital de Manises.<\/p>\n<p><strong>Evitar conservantes y fragancias<\/strong><\/p>\n<p>Los conservantes y las fragancias incluidos en estos cosm\u00e9ticos son los ingredientes que generalmente causan mayor reacci\u00f3n seg\u00fan los expertos, por lo que si se tiene una piel at\u00f3pica es mejor utilizar productos adaptados donde se reduzca al m\u00ednimo el uso de estos componentes. \u201cLas personas que son al\u00e9rgicas al maquillaje, suelen serlo a uno o varios de los componentes del mismo, lo que implica que si cambiamos de maquillaje y sigue estando el componente al\u00e9rgeno, de nuevo aparecer\u00e1 la alergia\u201d, asegura la Doctora Garc\u00eda-Melgares.<\/p>\n<p>Por otro lado existen pacientes con \u201cpiel intolerante a cosm\u00e9ticos\u201d que no resisten ning\u00fan tipo de maquillaje. \u201cNo hablamos de una alergia al maquillaje, sino de una piel extremadamente sensible que no tolera la mayor\u00eda de los cosm\u00e9ticos\u201d, aclara la dermat\u00f3loga del centro hospitalario.<\/p>\n<p><strong>C\u00f3mo actuar ante una reacci\u00f3n adversa<\/strong><\/p>\n<p>En primer lugar, se\u00f1alan los especialistas, es imprescindible suspender la aplicaci\u00f3n del maquillaje sospechoso de producir la alergia. \u201cPosteriormente para aliviar los s\u00edntomas de la dermatitis, suelen aplicarse corticoides t\u00f3picos para reducir la inflamaci\u00f3n cut\u00e1nea, administrarse antihistam\u00ednicos orales para aliviar el picor, y en casos muy agudos o extensos, incluso puede ser adecuado asociar un ciclo corto de corticoides por v\u00eda oral\u201d, asegura la doctora Garc\u00eda-Melgares.<\/p>\n","protected":false},"excerpt":{"rendered":"<div class=\"mh-excerpt\">Las fiestas navide\u00f1as son, sin duda, una de las fechas en las que m\u00e1s cosm\u00e9ticos y maquillajes se utilizan. En general, se trata de productos seguros, sometidos a exhaustivos controles de calidad pero que, en <a class=\"mh-excerpt-more\" href=\"https:\/\/www.tucomarca.com\/wordpress\/segunda\/manises-alerta-de-que-el-abuso-de-maquillaje-en-navidad-puede-aumentar-las-reacciones-irritativas-y-los-casos-de-dermatitis\/\" title=\"Manises alerta de que el abuso de maquillaje en Navidad puede aumentar las reacciones irritativas y los casos de dermatitis\">[+] <\/a><\/div>\n","protected":false},"author":1,"featured_media":0,"comment_status":"open","ping_status":"open","sticky":false,"template":"","format":"standard","meta":{"footnotes":""},"categories":[119,8,10,3],"tags":[],"class_list":{"0":"post-42924","1":"post","2":"type-post","3":"status-publish","4":"format-standard","6":"category-sanidad-la-comarca","7":"category-la-comarca","8":"category-la-hoya","9":"category-seccion"},"_links":{"self":[{"href":"https:\/\/www.tucomarca.com\/wordpress\/segunda\/wp-json\/wp\/v2\/posts\/42924","targetHints":{"allow":["GET"]}}],"collection":[{"href":"https:\/\/www.tucomarca.com\/wordpress\/segunda\/wp-json\/wp\/v2\/posts"}],"about":[{"href":"https:\/\/www.tucomarca.com\/wordpress\/segunda\/wp-json\/wp\/v2\/types\/post"}],"author":[{"embeddable":true,"href":"https:\/\/www.tucomarca.com\/wordpress\/segunda\/wp-json\/wp\/v2\/users\/1"}],"replies":[{"embeddable":true,"href":"https:\/\/www.tucomarca.com\/wordpress\/segunda\/wp-json\/wp\/v2\/comments?post=42924"}],"version-history":[{"count":0,"href":"https:\/\/www.tucomarca.com\/wordpress\/segunda\/wp-json\/wp\/v2\/posts\/42924\/revisions"}],"wp:attachment":[{"href":"https:\/\/www.tucomarca.com\/wordpress\/segunda\/wp-json\/wp\/v2\/media?parent=42924"}],"wp:term":[{"taxonomy":"category","embeddable":true,"href":"https:\/\/www.tucomarca.com\/wordpress\/segunda\/wp-json\/wp\/v2\/categories?post=42924"},{"taxonomy":"post_tag","embeddable":true,"href":"https:\/\/www.tucomarca.com\/wordpress\/segunda\/wp-json\/wp\/v2\/tags?post=42924"}],"curies":[{"name":"wp","href":"https:\/\/api.w.org\/{rel}","templated":true}]}}