{"id":42926,"date":"2015-12-28T22:05:47","date_gmt":"2015-12-28T19:05:47","guid":{"rendered":"http:\/\/www.tucomarca.com\/wordpress\/segunda\/?p=42926"},"modified":"2015-12-28T22:05:47","modified_gmt":"2015-12-28T19:05:47","slug":"el-ayuntamiento-de-benifaio-organiza-una-nochevieja-con-musica-en-la-plaza-mayor","status":"publish","type":"post","link":"https:\/\/www.tucomarca.com\/wordpress\/segunda\/el-ayuntamiento-de-benifaio-organiza-una-nochevieja-con-musica-en-la-plaza-mayor\/","title":{"rendered":"El Ayuntamiento de Benifai\u00f3 organiza una Nochevieja con m\u00fasica en la Plaza Mayor"},"content":{"rendered":"<p><span style=\"font-family: Arial; font-size: small;\">El Ayuntamiento de Benifai\u00f3 organiza, a trav\u00e9s de la concejal\u00eda de juventud, una fiesta de nochevieja en\u00a0la Plaza Mayor\u00a0para la noche del 31 de diciembre.<\/span><\/p>\n<p><span style=\"font-family: Arial; font-size: small;\"> <\/span><\/p>\n<p><span style=\"font-family: Arial; font-size: small;\">La edil de juventud J\u00falia Manuel comenta que por primera vez \u201corganizamos una noche de fiesta para despedir el a\u00f1o y dar la bienvenida al 2016 pensada para todos los adolescentes que quieran vivir esta noche y no tengan as\u00ed que desplazarse evitando coger un veh\u00edculo\u201d<\/span><\/p>\n<p><span style=\"font-family: Arial; font-size: small;\"> <\/span><\/p>\n<p><span style=\"font-family: Arial; font-size: small;\">Los vecinos podr\u00e1n tomarse las uvas en\u00a0la Plaza Mayor\u00a0a las 00:00h al comp\u00e1s de las campanadas de la iglesia y despu\u00e9s disfrutar con la m\u00fasica de una disco m\u00f3vil.<\/span><\/p>\n<p>&nbsp;<\/p>\n","protected":false},"excerpt":{"rendered":"<div class=\"mh-excerpt\">El Ayuntamiento de Benifai\u00f3 organiza, a trav\u00e9s de la concejal\u00eda de juventud, una fiesta de nochevieja en\u00a0la Plaza Mayor\u00a0para la noche del 31 de diciembre. La edil de juventud J\u00falia Manuel comenta que por primera <a class=\"mh-excerpt-more\" href=\"https:\/\/www.tucomarca.com\/wordpress\/segunda\/el-ayuntamiento-de-benifaio-organiza-una-nochevieja-con-musica-en-la-plaza-mayor\/\" title=\"El Ayuntamiento de Benifai\u00f3 organiza una Nochevieja con m\u00fasica en la Plaza Mayor\">[+] <\/a><\/div>\n","protected":false},"author":1,"featured_media":0,"comment_status":"open","ping_status":"open","sticky":false,"template":"","format":"standard","meta":{"footnotes":""},"categories":[4,267,42,3],"tags":[],"class_list":{"0":"post-42926","1":"post","2":"type-post","3":"status-publish","4":"format-standard","6":"category-agenda","7":"category-benifaio","8":"category-la-ribera","9":"category-seccion"},"_links":{"self":[{"href":"https:\/\/www.tucomarca.com\/wordpress\/segunda\/wp-json\/wp\/v2\/posts\/42926","targetHints":{"allow":["GET"]}}],"collection":[{"href":"https:\/\/www.tucomarca.com\/wordpress\/segunda\/wp-json\/wp\/v2\/posts"}],"about":[{"href":"https:\/\/www.tucomarca.com\/wordpress\/segunda\/wp-json\/wp\/v2\/types\/post"}],"author":[{"embeddable":true,"href":"https:\/\/www.tucomarca.com\/wordpress\/segunda\/wp-json\/wp\/v2\/users\/1"}],"replies":[{"embeddable":true,"href":"https:\/\/www.tucomarca.com\/wordpress\/segunda\/wp-json\/wp\/v2\/comments?post=42926"}],"version-history":[{"count":0,"href":"https:\/\/www.tucomarca.com\/wordpress\/segunda\/wp-json\/wp\/v2\/posts\/42926\/revisions"}],"wp:attachment":[{"href":"https:\/\/www.tucomarca.com\/wordpress\/segunda\/wp-json\/wp\/v2\/media?parent=42926"}],"wp:term":[{"taxonomy":"category","embeddable":true,"href":"https:\/\/www.tucomarca.com\/wordpress\/segunda\/wp-json\/wp\/v2\/categories?post=42926"},{"taxonomy":"post_tag","embeddable":true,"href":"https:\/\/www.tucomarca.com\/wordpress\/segunda\/wp-json\/wp\/v2\/tags?post=42926"}],"curies":[{"name":"wp","href":"https:\/\/api.w.org\/{rel}","templated":true}]}}