{"id":42933,"date":"2015-12-28T21:59:15","date_gmt":"2015-12-28T18:59:15","guid":{"rendered":"http:\/\/www.tucomarca.com\/wordpress\/segunda\/?p=42933"},"modified":"2015-12-28T21:59:15","modified_gmt":"2015-12-28T18:59:15","slug":"benifaio-celebro-la-carrera-solidaria-de-san-silvestre-con-un-buen-ambiente-deportivo-y-festivo","status":"publish","type":"post","link":"https:\/\/www.tucomarca.com\/wordpress\/segunda\/benifaio-celebro-la-carrera-solidaria-de-san-silvestre-con-un-buen-ambiente-deportivo-y-festivo\/","title":{"rendered":"Benifai\u00f3 celebr\u00f3 la carrera solidaria de San Silvestre con un buen ambiente deportivo y festivo"},"content":{"rendered":"<p><span style=\"font-family: Arial; font-size: small;\"> <\/span><\/p>\n<figure id=\"attachment_42934\" aria-describedby=\"caption-attachment-42934\" style=\"width: 300px\" class=\"wp-caption alignleft\"><a href=\"https:\/\/www.tucomarca.com\/wordpress\/segunda\/wp-content\/uploads\/2015\/12\/san_sil_beni.jpg\"><img loading=\"lazy\" decoding=\"async\" class=\"size-medium wp-image-42934\" title=\"san_sil_beni\" src=\"https:\/\/www.tucomarca.com\/wordpress\/segunda\/wp-content\/uploads\/2015\/12\/san_sil_beni-300x225.jpg\" alt=\"Foto de familia de muchos de los participantes en la San Silvestre de Benifai\u00f3 2015.\" width=\"300\" height=\"225\" srcset=\"https:\/\/www.tucomarca.com\/wordpress\/segunda\/wp-content\/uploads\/2015\/12\/san_sil_beni-300x225.jpg 300w, https:\/\/www.tucomarca.com\/wordpress\/segunda\/wp-content\/uploads\/2015\/12\/san_sil_beni-1024x768.jpg 1024w\" sizes=\"auto, (max-width: 300px) 100vw, 300px\" \/><\/a><figcaption id=\"caption-attachment-42934\" class=\"wp-caption-text\">Foto de familia de muchos de los participantes en la San Silvestre de Benifai\u00f3 2015.<\/figcaption><\/figure>\n<p>M\u00e1s de 100 vecinos participaron ayer domingo 27 de diciembre en la carrera de San Silvestre 2015 organizada por la concejal\u00eda de deportes del Ayuntamiento de Benifai\u00f3 con la colaboraci\u00f3n del club Kangurs.<\/p>\n<p><span style=\"font-family: Arial; font-size: small;\">Una gran variedad de disfraces y gente de todas las edades participaron en una cita deportiva que de nuevo se ha recuperado en el municipio.<\/span><\/p>\n<p><span style=\"font-family: Arial; font-size: small;\">La Plaza Mayor\u00a0acogi\u00f3 la salida y meta de\u00a0la San Silvestre\u00a02015 con premios para los primeros corredores en llegar a meta adem\u00e1s del mejor disfraz y primeros en Gymkhana.<\/span><\/p>\n<p><span style=\"font-family: Arial; font-size: small;\"> <\/span><\/p>\n<p><span style=\"font-family: Arial; font-size: small;\">La cita deportiva fue adem\u00e1s solidaria ya que para poder participar se deb\u00eda de entregar un kilo de alimentos no perecedero. Los m\u00e1s de 100 kilos de comida recogida se repartir\u00e1n entre las familias m\u00e1s necesitadas de la poblaci\u00f3n a trav\u00e9s del departamento de servicios sociales.<\/span><\/p>\n<p><span style=\"font-family: Arial; font-size: small;\">De esta forma Benifai\u00f3 ha empezado a decir adi\u00f3s al\u00a02015 a\u00a0pocos d\u00edas ya de la llegada del nuevo a\u00f1o.<\/span><\/p>\n<p>&nbsp;<\/p>\n","protected":false},"excerpt":{"rendered":"<div class=\"mh-excerpt\">M\u00e1s de 100 vecinos participaron ayer domingo 27 de diciembre en la carrera de San Silvestre 2015 organizada por la concejal\u00eda de deportes del Ayuntamiento de Benifai\u00f3 con la colaboraci\u00f3n del club Kangurs. Una gran <a class=\"mh-excerpt-more\" href=\"https:\/\/www.tucomarca.com\/wordpress\/segunda\/benifaio-celebro-la-carrera-solidaria-de-san-silvestre-con-un-buen-ambiente-deportivo-y-festivo\/\" title=\"Benifai\u00f3 celebr\u00f3 la carrera solidaria de San Silvestre con un buen ambiente deportivo y festivo\">[+] <\/a><\/div>\n","protected":false},"author":1,"featured_media":42934,"comment_status":"open","ping_status":"open","sticky":false,"template":"","format":"standard","meta":{"footnotes":""},"categories":[98,267,6,42,45],"tags":[],"class_list":{"0":"post-42933","1":"post","2":"type-post","3":"status-publish","4":"format-standard","5":"has-post-thumbnail","7":"category-atletismo","8":"category-benifaio","9":"category-deportes","10":"category-la-ribera","11":"category-ventana"},"_links":{"self":[{"href":"https:\/\/www.tucomarca.com\/wordpress\/segunda\/wp-json\/wp\/v2\/posts\/42933","targetHints":{"allow":["GET"]}}],"collection":[{"href":"https:\/\/www.tucomarca.com\/wordpress\/segunda\/wp-json\/wp\/v2\/posts"}],"about":[{"href":"https:\/\/www.tucomarca.com\/wordpress\/segunda\/wp-json\/wp\/v2\/types\/post"}],"author":[{"embeddable":true,"href":"https:\/\/www.tucomarca.com\/wordpress\/segunda\/wp-json\/wp\/v2\/users\/1"}],"replies":[{"embeddable":true,"href":"https:\/\/www.tucomarca.com\/wordpress\/segunda\/wp-json\/wp\/v2\/comments?post=42933"}],"version-history":[{"count":0,"href":"https:\/\/www.tucomarca.com\/wordpress\/segunda\/wp-json\/wp\/v2\/posts\/42933\/revisions"}],"wp:featuredmedia":[{"embeddable":true,"href":"https:\/\/www.tucomarca.com\/wordpress\/segunda\/wp-json\/wp\/v2\/media\/42934"}],"wp:attachment":[{"href":"https:\/\/www.tucomarca.com\/wordpress\/segunda\/wp-json\/wp\/v2\/media?parent=42933"}],"wp:term":[{"taxonomy":"category","embeddable":true,"href":"https:\/\/www.tucomarca.com\/wordpress\/segunda\/wp-json\/wp\/v2\/categories?post=42933"},{"taxonomy":"post_tag","embeddable":true,"href":"https:\/\/www.tucomarca.com\/wordpress\/segunda\/wp-json\/wp\/v2\/tags?post=42933"}],"curies":[{"name":"wp","href":"https:\/\/api.w.org\/{rel}","templated":true}]}}