{"id":42940,"date":"2015-12-28T22:00:26","date_gmt":"2015-12-28T19:00:26","guid":{"rendered":"http:\/\/www.tucomarca.com\/wordpress\/segunda\/?p=42940"},"modified":"2015-12-28T22:00:26","modified_gmt":"2015-12-28T19:00:26","slug":"los-jubilados-de-requena-muestran-su-desilusion-por-la-no-autorizacion-para-celebrar-la-nochevieja-en-el-ceam","status":"publish","type":"post","link":"https:\/\/www.tucomarca.com\/wordpress\/segunda\/los-jubilados-de-requena-muestran-su-desilusion-por-la-no-autorizacion-para-celebrar-la-nochevieja-en-el-ceam\/","title":{"rendered":"Los jubilados de Requena muestran su desilusi\u00f3n por la no autorizaci\u00f3n para celebrar la Nochevieja en el CEAM"},"content":{"rendered":"<p>La conselleria de Igualdad y Pol\u00edticas Inclusivas no ha autorizado la celebraci\u00f3n de los actos de Nochevieja en el local de la cafeter\u00eda del CEAM de Requena. Esta es la respuesta del\u00a0 organismo auton\u00f3mico a la solicitud presentada por la Asociaci\u00f3n Cultural de la Tercera Edad de la poblaci\u00f3n a la directora general de Servicios Sociales y Dependencia, Merc\u00e9 Mart\u00ednez para disponer del mencionado local en una fecha tan se\u00f1alada.<\/p>\n<p>Seg\u00fan explic\u00f3 el presidente de la asociaci\u00f3n, Vicente Cambralla \u00aben a\u00f1os anteriores ven\u00edamos celebrando en el Centro\u00a0 Especializado de Atenci\u00f3n a Mayores CEAM, una cena de sobaquillo como vulgarmente se conoce en la zona, baile, tom\u00e1bamos\u00a0 las uvas y hac\u00edamos el tradicional brindis con cava donado por empresas del municipio\u00bb.<\/p>\n<p>Cambralla no entiende que \u00abpor una parte la Conselleria de Igualdad se interese porque ning\u00fan mayor este solo en Navidad y por otra, no autorice el local de la cafeter\u00eda del CEAM para que celebren la Nochevieja 122 personas mayores\u00bb.<\/p>\n<p>La Conselleria, sin embargo, argumenta que el motivo de no autorizar el mencionado local es que \u00abla actividad que se pretende llevar a cabo\u00a0 en \u00e9l nada tiene que ver con el objetivo del centro, adem\u00e1s de realizarse fuera del horario de apertura y sin empleados p\u00fablicos que puedan responsabilizarse de la misma o de los incidentes que puedan surgir\u00bb.<\/p>\n<p>Algunas personas mayores que ten\u00edan previsto celebrar el fin de a\u00f1o en el centro de mayores han afirmado que \u00abes el primer a\u00f1o que por Nochevieja no se va a celebrar la tradicional cena y la fiesta posterior en el CEAM\u00bb. Informa, <strong>Luis Ib\u00e1\u00f1ez<\/strong>.<\/p>\n<p>&nbsp;<\/p>\n","protected":false},"excerpt":{"rendered":"<div class=\"mh-excerpt\">La conselleria de Igualdad y Pol\u00edticas Inclusivas no ha autorizado la celebraci\u00f3n de los actos de Nochevieja en el local de la cafeter\u00eda del CEAM de Requena. Esta es la respuesta del\u00a0 organismo auton\u00f3mico a <a class=\"mh-excerpt-more\" href=\"https:\/\/www.tucomarca.com\/wordpress\/segunda\/los-jubilados-de-requena-muestran-su-desilusion-por-la-no-autorizacion-para-celebrar-la-nochevieja-en-el-ceam\/\" title=\"Los jubilados de Requena muestran su desilusi\u00f3n por la no autorizaci\u00f3n para celebrar la Nochevieja en el CEAM\">[+] <\/a><\/div>\n","protected":false},"author":1,"featured_media":0,"comment_status":"open","ping_status":"open","sticky":false,"template":"","format":"standard","meta":{"footnotes":""},"categories":[8,28,27,3],"tags":[],"class_list":{"0":"post-42940","1":"post","2":"type-post","3":"status-publish","4":"format-standard","6":"category-la-comarca","7":"category-requena","8":"category-requena-utiel","9":"category-seccion"},"_links":{"self":[{"href":"https:\/\/www.tucomarca.com\/wordpress\/segunda\/wp-json\/wp\/v2\/posts\/42940","targetHints":{"allow":["GET"]}}],"collection":[{"href":"https:\/\/www.tucomarca.com\/wordpress\/segunda\/wp-json\/wp\/v2\/posts"}],"about":[{"href":"https:\/\/www.tucomarca.com\/wordpress\/segunda\/wp-json\/wp\/v2\/types\/post"}],"author":[{"embeddable":true,"href":"https:\/\/www.tucomarca.com\/wordpress\/segunda\/wp-json\/wp\/v2\/users\/1"}],"replies":[{"embeddable":true,"href":"https:\/\/www.tucomarca.com\/wordpress\/segunda\/wp-json\/wp\/v2\/comments?post=42940"}],"version-history":[{"count":0,"href":"https:\/\/www.tucomarca.com\/wordpress\/segunda\/wp-json\/wp\/v2\/posts\/42940\/revisions"}],"wp:attachment":[{"href":"https:\/\/www.tucomarca.com\/wordpress\/segunda\/wp-json\/wp\/v2\/media?parent=42940"}],"wp:term":[{"taxonomy":"category","embeddable":true,"href":"https:\/\/www.tucomarca.com\/wordpress\/segunda\/wp-json\/wp\/v2\/categories?post=42940"},{"taxonomy":"post_tag","embeddable":true,"href":"https:\/\/www.tucomarca.com\/wordpress\/segunda\/wp-json\/wp\/v2\/tags?post=42940"}],"curies":[{"name":"wp","href":"https:\/\/api.w.org\/{rel}","templated":true}]}}