{"id":4296,"date":"2012-06-28T10:06:44","date_gmt":"2012-06-28T08:06:44","guid":{"rendered":"http:\/\/www.tucomarca.com\/wordpress\/segunda\/?p=4296"},"modified":"2012-06-28T10:06:44","modified_gmt":"2012-06-28T08:06:44","slug":"el-escultor-antonio-sanchez-expondra-a-partir-del-29-de-junio-en-el-hotel-%c2%abla-carreta%c2%bb-de-chiva","status":"publish","type":"post","link":"https:\/\/www.tucomarca.com\/wordpress\/segunda\/el-escultor-antonio-sanchez-expondra-a-partir-del-29-de-junio-en-el-hotel-%c2%abla-carreta%c2%bb-de-chiva\/","title":{"rendered":"El escultor Antonio S\u00e1nchez expondr\u00e1 a partir del 29 de junio en el hotel \u00abLa Carreta\u00bb de Chiva"},"content":{"rendered":"<p>Tal como ya adelant\u00f3 este semanario en su edici\u00f3n en papel, la obra del reconocido escultor autodidacta Antonio S\u00e1nchez, residente en Chiva, protagonizar\u00e1 desde el pr\u00f3ximo 29 de junio la muestra patrocinada por el hotel-restaurante La Carreta, situado junto a la A-3 y en las inmediaciones del circuito Ricardo Tormo. En declaraciones a este semanario, Antonio S\u00e1nchez ha confirmado que la exposici\u00f3n estar\u00e1 abierta al p\u00fablico en el propio hotel durante un per\u00edodo de un mes, aunque tambi\u00e9n ha adelantado que se dejar\u00e1 parte de la obra durante un per\u00edodo mayor, en este caso durante un a\u00f1o.<br \/>\n\u00abEsta es una iniciativa promovida por el propio hotel La Carreta a la espera de conocer el resultado de la misma. Si finalmente resulta un acierto se seguir\u00e1n patrocinando iniciativas similares en el futuro\u00bb, ha apuntado el escultor.<br \/>\nEn principio, Antonio S\u00e1nchez acude a esta cita con nueve obras dentro de las instalaciones, mientras que tiene previsto ubicar otras tres en la zona exterior, justo en las proximidades de la terraza para el disfrute de los clientes que decidan hacer un buen uso de su tiempo de ocio.<br \/>\n El margen de esta exposici\u00f3n en Chiva, el d\u00eda 30 de junio el escultor participar\u00e1 de otra a inaugurar en Calpe, concretamente en la Galer\u00eda Portal L\u2019Art ubicada en la Avenida del Puerto de Santa Mar\u00eda n\u00famero 1.<br \/>\nTodas estas actividades de Antonio S\u00e1nchez son compartidas con sus clases de escultura en la Fundaci\u00f3n El Sonido de las Piedras ubicada en la poblaci\u00f3n de Cheste.<\/p>\n","protected":false},"excerpt":{"rendered":"<div class=\"mh-excerpt\">Tal como ya adelant\u00f3 este semanario en su edici\u00f3n en papel, la obra del reconocido escultor autodidacta Antonio S\u00e1nchez, residente en Chiva, protagonizar\u00e1 desde el pr\u00f3ximo 29 de junio la muestra patrocinada por el hotel-restaurante <a class=\"mh-excerpt-more\" href=\"https:\/\/www.tucomarca.com\/wordpress\/segunda\/el-escultor-antonio-sanchez-expondra-a-partir-del-29-de-junio-en-el-hotel-%c2%abla-carreta%c2%bb-de-chiva\/\" title=\"El escultor Antonio S\u00e1nchez expondr\u00e1 a partir del 29 de junio en el hotel \u00abLa Carreta\u00bb de Chiva\">[+] <\/a><\/div>\n","protected":false},"author":2,"featured_media":0,"comment_status":"open","ping_status":"open","sticky":false,"template":"","format":"standard","meta":{"footnotes":""},"categories":[16,10,7,3],"tags":[324],"class_list":{"0":"post-4296","1":"post","2":"type-post","3":"status-publish","4":"format-standard","6":"category-chiva","7":"category-la-hoya","8":"category-ocio-y-cultura","9":"category-seccion","10":"tag-escultura"},"_links":{"self":[{"href":"https:\/\/www.tucomarca.com\/wordpress\/segunda\/wp-json\/wp\/v2\/posts\/4296","targetHints":{"allow":["GET"]}}],"collection":[{"href":"https:\/\/www.tucomarca.com\/wordpress\/segunda\/wp-json\/wp\/v2\/posts"}],"about":[{"href":"https:\/\/www.tucomarca.com\/wordpress\/segunda\/wp-json\/wp\/v2\/types\/post"}],"author":[{"embeddable":true,"href":"https:\/\/www.tucomarca.com\/wordpress\/segunda\/wp-json\/wp\/v2\/users\/2"}],"replies":[{"embeddable":true,"href":"https:\/\/www.tucomarca.com\/wordpress\/segunda\/wp-json\/wp\/v2\/comments?post=4296"}],"version-history":[{"count":0,"href":"https:\/\/www.tucomarca.com\/wordpress\/segunda\/wp-json\/wp\/v2\/posts\/4296\/revisions"}],"wp:attachment":[{"href":"https:\/\/www.tucomarca.com\/wordpress\/segunda\/wp-json\/wp\/v2\/media?parent=4296"}],"wp:term":[{"taxonomy":"category","embeddable":true,"href":"https:\/\/www.tucomarca.com\/wordpress\/segunda\/wp-json\/wp\/v2\/categories?post=4296"},{"taxonomy":"post_tag","embeddable":true,"href":"https:\/\/www.tucomarca.com\/wordpress\/segunda\/wp-json\/wp\/v2\/tags?post=4296"}],"curies":[{"name":"wp","href":"https:\/\/api.w.org\/{rel}","templated":true}]}}