{"id":42967,"date":"2015-12-31T00:40:36","date_gmt":"2015-12-30T21:40:36","guid":{"rendered":"http:\/\/www.tucomarca.com\/wordpress\/segunda\/?p=42967"},"modified":"2015-12-31T00:45:04","modified_gmt":"2015-12-30T21:45:04","slug":"la-diputacion-aprueba-unos-presupuestos-que-reducen-el-60-de-los-gastos-de-libre-disposicion-del-presidente","status":"publish","type":"post","link":"https:\/\/www.tucomarca.com\/wordpress\/segunda\/la-diputacion-aprueba-unos-presupuestos-que-reducen-el-60-de-los-gastos-de-libre-disposicion-del-presidente\/","title":{"rendered":"La Diputaci\u00f3n aprueba unos presupuestos que reducen el 60% de los gastos de libre disposici\u00f3n del presidente"},"content":{"rendered":"<figure id=\"attachment_43001\" aria-describedby=\"caption-attachment-43001\" style=\"width: 300px\" class=\"wp-caption alignleft\"><a href=\"https:\/\/www.tucomarca.com\/wordpress\/segunda\/wp-content\/uploads\/2015\/12\/Pleno_Dipu.jpg\"><img loading=\"lazy\" decoding=\"async\" class=\"size-medium wp-image-43001\" title=\"Pleno_Dipu\" src=\"https:\/\/www.tucomarca.com\/wordpress\/segunda\/wp-content\/uploads\/2015\/12\/Pleno_Dipu-300x124.jpg\" alt=\"\u00daltimo pleno de la Diputaci\u00f3n Provincial de Valencia desarrollado esta misma semana.\" width=\"300\" height=\"124\" srcset=\"https:\/\/www.tucomarca.com\/wordpress\/segunda\/wp-content\/uploads\/2015\/12\/Pleno_Dipu-300x124.jpg 300w, https:\/\/www.tucomarca.com\/wordpress\/segunda\/wp-content\/uploads\/2015\/12\/Pleno_Dipu-1024x424.jpg 1024w\" sizes=\"auto, (max-width: 300px) 100vw, 300px\" \/><\/a><figcaption id=\"caption-attachment-43001\" class=\"wp-caption-text\">\u00daltimo pleno de la Diputaci\u00f3n Provincial de Valencia desarrollado esta misma semana.<\/figcaption><\/figure>\n<p>El Pleno de la Diputaci\u00f3n de Valencia ha aprobado este mi\u00e9rcoles los presupuestos generales de la Corporaci\u00f3n para 2016 que comportan la dr\u00e1stica reducci\u00f3n, un 60%, de la partida de libre disposici\u00f3n del Presidente para firmar convenios singulares de financiaci\u00f3n de los ayuntamientos con lo que se acaba \u201cel clientelismo y la arbitrariedad\u201d, seg\u00fan ha comentado el diputado de Hacienda, Toni Gaspar.<\/p>\n<p>Con el voto favorable de los partidos que integran el Gobierno \u2013 PSOE, Comprom\u00eds, Valencia en Com\u00fa y EU- , la abstenci\u00f3n \u201cpositiva y colaborativa\u201d de Ciudadanos y el voto en contra del Partido Popular, la cuenta general para 2016, que asciende a 448.955.481, 89 euros, recoge las grandes l\u00edneas estrat\u00e9gicas trazadas por el presidente en su toma de posesi\u00f3n, incorpora las nuevas \u00e1reas y servicios como Igualdad, Transparencia, Mancomunidades y Comarcalizaci\u00f3n, Memoria Hist\u00f3rica e Inclusi\u00f3n Social, y responden b\u00e1sicamente a la nueva pol\u00edtica de impulsar, menos planes pero con m\u00e1s recursos, que permitan m\u00e1s autonom\u00eda a los ayuntamientos a la hora de decidir las inversiones, lo que resum\u00eda el diputado de Hacienda, Toni Gaspar, con el lema de \u201cmenos planes, m\u00e1s recursos y m\u00e1s autonom\u00eda\u201d.<\/p>\n<p>Gaspar, quien rese\u00f1\u00f3 que la sesi\u00f3n plenaria se celebraba hoy para dar tiempo a la oposici\u00f3n a estudiar los presupuestos, ha defendido la idea central de que los dineros del presupuesto no son de la Diputaci\u00f3n, ni de los municipios, sino de los ciudadanos a los que se han de destinar, por eso \u2013 dijo- ya se ha acabado el \u2018esto lo pago yo\u00b4, porque lo pagamos todos\u201d. El vicepresidente segundo remarc\u00f3 que con los nuevos presupuestos se ha acabado el clientelismo y la arbitrariedad, como lo prueba el hecho de que la partida de gastos de libre disposici\u00f3n de Presidencia para financiar proyectos s\u00f3lo con la firma del presidente se ha reducido un 60% con lo que pasa de los 10 millones, que ten\u00eda antes y se destinaba a convenios singulares, a 4, dos de ellos ir\u00e1n para fines sociales y los otros dos a planes de municipios con car\u00e1cter de urgencia y de necesidad. Los seis millones ir\u00e1n a parar a ayudas regladas con bases de adjudicaci\u00f3n.<\/p>\n<p><strong>Un presupuesto abierto<\/strong><\/p>\n<p>El presupuesto aprobado este mi\u00e9rcoles se mantiene como un documento vivo, dispuesto a adaptarse a las situaciones nuevas que se vayan produciendo e incluso a introducir enmiendas negociadas de otros partidos.<\/p>\n<p>De hecho, tal como inform\u00f3 el diputado de Ciudadanos, Jos\u00e9 Enrique Aguar, hab\u00eda podido introducir propuestas concretas y el propio Toni Gaspar explicit\u00f3, en un gesto novedoso, que dado que el PP hab\u00eda presentado 13 enmiendas esa misma ma\u00f1ana y no se podr\u00edan aprobar se compromet\u00eda a que en sucesivas comisiones de Hacienda estudiar\u00e1 esas propuestas una a una con el fin de poder incluirlas en caso de que se llegase a un acuerdo. Incluso se prometi\u00f3 trabajar para que los presupuestos lleguen muchos antes a su aprobaci\u00f3n y por tanto con m\u00e1s tiempo para poder modificarlos en fase de debate y estudio.<\/p>\n<p>El portavoz de Val\u00e8ncia en Com\u00fa, Roberto Jaramillo, justific\u00f3 el voto positivo de su formaci\u00f3n en que los presupuestos son m\u00e1s sociales y con ellos se acaba el besamanos. Si bien no comparte el \u00e1rea de Asuntos Taurinos si ha destacado en positivo la consolidaci\u00f3n de las nuevas como Transparencia.<\/p>\n<p>Rosa Perez, de EUPV, que tambi\u00e9n se mostr\u00f3 en contra de los gastos en asuntos taurinos, celebr\u00f3 que los presupuestos aprobados tienen m\u00e1s puntos de vista y son m\u00e1s participativos y los calific\u00f3 de \u201cm\u00e1s municipalistas y menos presidencialistas\u201d, algo que siempre hab\u00eda reclamado desde la oposici\u00f3n en la anterior corporaci\u00f3n. Destac\u00f3, as\u00ed mismo, el cambio de enfoque en los Planes de Proyectos y Obras en los que se han acabado los planes precocinados y se imponen los intereses de los municipios.<\/p>\n<p>Xavier Rius, portavoz de Comprom\u00eds, manifest\u00f3 que los presupuestos no respond\u00edan al cien por cien a lo que su formaci\u00f3n pod\u00eda haber elaborado pero, afortunadamente, no est\u00e1n hechos desde una mayor\u00eda absoluta sino desde la pluralidad. \u201cPor eso estamos satisfechos \u2013 dijo &#8211; , m\u00e1s que si fueran desde la mayor\u00eda absoluta porque estos presupuestos tienen la virtud de la pluralidad y diversidad pol\u00edtica y auspicial el consenso\u201d.<\/p>\n<p><strong>Ciudadanos: Una abstenci\u00f3n \u201cpositiva\u201d<\/strong><\/p>\n<p>El representante de Ciudadanos opin\u00f3 en su intervenci\u00f3n que se deber\u00edan haber buscado en Europa nuevos fondos para aumentar el presupuesto, pidi\u00f3 que la cuenta general respondiera al resultado de una encuesta entre los alcaldes, advirti\u00f3 de que la Diputaci\u00f3n de Valencia no deber\u00eda ser una \u201cmera financiadora del Consell\u201d y alab\u00f3 que se hayan reducido en gran medida lo que llam\u00f3 \u201cplanes de prebenda\u201d al referirse a la partida de libre disposici\u00f3n del presidente. Acogi\u00f3 con esperanza el planteamiento de hacer del presupuesto un documento vivo y modificable con las sugerencias de otros partidos y con las necesidades del momento.<\/p>\n<p><strong>PP: Voto en contra<\/strong><\/p>\n<p>Por su parte, la portavoz del PP, Mari Carmen Contelles, despu\u00e9s de pedir que se quedaran sobre la mesa los presupuestos y se debatieran sus enmiendas defini\u00f3 el presupuesto como la plasmaci\u00f3n de los recortes en la inversi\u00f3n, el retroceso en la autonom\u00eda municipal y el reconocimiento de la ineficacia en la gesti\u00f3n. Contelles dijo que hab\u00eda seis millones menos en el presupuesto pero calculaba que gestionarla supondr\u00e1 un gasto de ocho millones m\u00e1s y que no se recog\u00edan la cantidad de todos los planes de inversi\u00f3n anteriores. Se mostr\u00f3 en desacuerdo con los nombramientos en el \u00e1rea de Transparencia y se\u00f1al\u00f3 algunas competencias impropias que ha asumido la nueva Diputaci\u00f3n.<\/p>\n<p>&nbsp;<\/p>\n","protected":false},"excerpt":{"rendered":"<div class=\"mh-excerpt\">El Pleno de la Diputaci\u00f3n de Valencia ha aprobado este mi\u00e9rcoles los presupuestos generales de la Corporaci\u00f3n para 2016 que comportan la dr\u00e1stica reducci\u00f3n, un 60%, de la partida de libre disposici\u00f3n del Presidente para <a class=\"mh-excerpt-more\" href=\"https:\/\/www.tucomarca.com\/wordpress\/segunda\/la-diputacion-aprueba-unos-presupuestos-que-reducen-el-60-de-los-gastos-de-libre-disposicion-del-presidente\/\" title=\"La Diputaci\u00f3n aprueba unos presupuestos que reducen el 60% de los gastos de libre disposici\u00f3n del presidente\">[+] <\/a><\/div>\n","protected":false},"author":1,"featured_media":43001,"comment_status":"open","ping_status":"open","sticky":false,"template":"","format":"standard","meta":{"footnotes":""},"categories":[8,72,142,3,45],"tags":[],"class_list":{"0":"post-42967","1":"post","2":"type-post","3":"status-publish","4":"format-standard","5":"has-post-thumbnail","7":"category-la-comarca","8":"category-sin-categorizar","9":"category-politica-la-comarca","10":"category-seccion","11":"category-ventana"},"_links":{"self":[{"href":"https:\/\/www.tucomarca.com\/wordpress\/segunda\/wp-json\/wp\/v2\/posts\/42967","targetHints":{"allow":["GET"]}}],"collection":[{"href":"https:\/\/www.tucomarca.com\/wordpress\/segunda\/wp-json\/wp\/v2\/posts"}],"about":[{"href":"https:\/\/www.tucomarca.com\/wordpress\/segunda\/wp-json\/wp\/v2\/types\/post"}],"author":[{"embeddable":true,"href":"https:\/\/www.tucomarca.com\/wordpress\/segunda\/wp-json\/wp\/v2\/users\/1"}],"replies":[{"embeddable":true,"href":"https:\/\/www.tucomarca.com\/wordpress\/segunda\/wp-json\/wp\/v2\/comments?post=42967"}],"version-history":[{"count":0,"href":"https:\/\/www.tucomarca.com\/wordpress\/segunda\/wp-json\/wp\/v2\/posts\/42967\/revisions"}],"wp:featuredmedia":[{"embeddable":true,"href":"https:\/\/www.tucomarca.com\/wordpress\/segunda\/wp-json\/wp\/v2\/media\/43001"}],"wp:attachment":[{"href":"https:\/\/www.tucomarca.com\/wordpress\/segunda\/wp-json\/wp\/v2\/media?parent=42967"}],"wp:term":[{"taxonomy":"category","embeddable":true,"href":"https:\/\/www.tucomarca.com\/wordpress\/segunda\/wp-json\/wp\/v2\/categories?post=42967"},{"taxonomy":"post_tag","embeddable":true,"href":"https:\/\/www.tucomarca.com\/wordpress\/segunda\/wp-json\/wp\/v2\/tags?post=42967"}],"curies":[{"name":"wp","href":"https:\/\/api.w.org\/{rel}","templated":true}]}}