{"id":42969,"date":"2015-12-31T00:32:43","date_gmt":"2015-12-30T21:32:43","guid":{"rendered":"http:\/\/www.tucomarca.com\/wordpress\/segunda\/?p=42969"},"modified":"2015-12-31T00:36:32","modified_gmt":"2015-12-30T21:36:32","slug":"el-pp-de-requena-lamenta-que-la-asociacion-de-jubilados-no-pueda-celebrar-el-baile-de-fin-de-ano-en-el-cema","status":"publish","type":"post","link":"https:\/\/www.tucomarca.com\/wordpress\/segunda\/el-pp-de-requena-lamenta-que-la-asociacion-de-jubilados-no-pueda-celebrar-el-baile-de-fin-de-ano-en-el-cema\/","title":{"rendered":"El PP de Requena lamenta que los mayores no puedan celebrar el baile de fin de a\u00f1o en el CEMA"},"content":{"rendered":"<p>El Partido Popular de Requena ha manifestado \u00ablamentar profundamente\u00a0 las\u00a0 \u00faltimas noticias publicadas en los diferentes medios de comunicaci\u00f3n en los que se hace constar que nuestros mayores no podr\u00e1n celebrar la Nochevieja en el centro donde siempre han organizado el tradicional baile de fin de a\u00f1o\u00bb.<\/p>\n<p>Seg\u00fan estas fuentes, \u00abla\u00a0 Conselleria de Igualdad y Pol\u00edticas\u00a0 Inclusivas impide celebrar la Nochevieja en el Centro de Mayores de Requena, argumentando que el motivo de no autorizar los actos festivos previstos en el mencionado local es que la actividad que se pretende llevar a cabo en \u00e9l nada tiene que ver con los objetivos del centro, adem\u00e1s de realizarse fuera de horario de apertura y sin empleados p\u00fablicos que puedan responsabilizarse\u201d.<\/p>\n<p>\u00abDesde el Partido Popular nos preguntamos con absoluta indignaci\u00f3n:\u00a0 \u00bfpara qu\u00e9 es, entonces, un centro de mayores? ,\u00bfcual es su objetivo sino el de facilitar el entretenimiento de quienes lo utilizan?\u00bb, han a\u00f1adido los populares.<\/p>\n<p>\u00abQueremos recordar \u2014han subrayado desde el PP\u2014 a todos los requenenses que mientras gobern\u00f3 el Partido Popular, Javier Berasaluce y su Equipo de Gobierno garantizaron que este baile se celebrara argumentando ante la Direcci\u00f3n general de Tercera Edad que el centro donde se ubica el CEAM, (creado hace aproximadamente dos a\u00f1os) es un espacio compartido con los Servicios Sociales del Ayuntamiento de Requena, por lo que se hab\u00edan de coordinar las actividades municipales con las de la Conselleria de Bienestar Social. De esta manera, era el Ayuntamiento y nuestros mayores quienes se responsabilizaban de parte del local organizando actividades no lucrativas en cualquier horario que se precisara\u00bb.<\/p>\n<p>Desde el Partido Popular de Requena, emplazan al gobierno socialista de Mario S\u00e1nchez \u00aba que nos explique cu\u00e1l es su postura como Alcalde de Requena y nos informe por qu\u00e9 no asume el Ayuntamiento actual\u00a0 la responsabilidad de cesi\u00f3n temporal de parte del\u00a0 local para el baile de Nochevieja a quienes\u00a0 siempre han demostrado hacer un uso ejemplar del mismo.\u00a0Consideramos que Mario S\u00e1nchez debe dar soluci\u00f3n a este incidente defendiendo los intereses de nuestros mayores en la Conselleria de Igualdad y Pol\u00edticas\u00a0 Inclusivas o buscar un nuevo espacio donde se lleve a cabo el baile de la tercera edad y no refugiarse en las palabras de la Generalitat gobernada por su propio partido partido y partidos amigos. De lo contrario,\u00a0 Resultar\u00eda una verg\u00fcenza que el primer a\u00f1o de gobierno socialista fuera recordado como el primer a\u00f1o en la historia del Centro Social \/ CEAM de Requena que no se pudo celebrar la tradicional fiesta de Nochevieja\u00bb.<\/p>\n<p>&nbsp;<\/p>\n","protected":false},"excerpt":{"rendered":"<div class=\"mh-excerpt\">El Partido Popular de Requena ha manifestado \u00ablamentar profundamente\u00a0 las\u00a0 \u00faltimas noticias publicadas en los diferentes medios de comunicaci\u00f3n en los que se hace constar que nuestros mayores no podr\u00e1n celebrar la Nochevieja en el <a class=\"mh-excerpt-more\" href=\"https:\/\/www.tucomarca.com\/wordpress\/segunda\/el-pp-de-requena-lamenta-que-la-asociacion-de-jubilados-no-pueda-celebrar-el-baile-de-fin-de-ano-en-el-cema\/\" title=\"El PP de Requena lamenta que los mayores no puedan celebrar el baile de fin de a\u00f1o en el CEMA\">[+] <\/a><\/div>\n","protected":false},"author":1,"featured_media":0,"comment_status":"open","ping_status":"open","sticky":false,"template":"","format":"standard","meta":{"footnotes":""},"categories":[8,28,27,3],"tags":[],"class_list":{"0":"post-42969","1":"post","2":"type-post","3":"status-publish","4":"format-standard","6":"category-la-comarca","7":"category-requena","8":"category-requena-utiel","9":"category-seccion"},"_links":{"self":[{"href":"https:\/\/www.tucomarca.com\/wordpress\/segunda\/wp-json\/wp\/v2\/posts\/42969","targetHints":{"allow":["GET"]}}],"collection":[{"href":"https:\/\/www.tucomarca.com\/wordpress\/segunda\/wp-json\/wp\/v2\/posts"}],"about":[{"href":"https:\/\/www.tucomarca.com\/wordpress\/segunda\/wp-json\/wp\/v2\/types\/post"}],"author":[{"embeddable":true,"href":"https:\/\/www.tucomarca.com\/wordpress\/segunda\/wp-json\/wp\/v2\/users\/1"}],"replies":[{"embeddable":true,"href":"https:\/\/www.tucomarca.com\/wordpress\/segunda\/wp-json\/wp\/v2\/comments?post=42969"}],"version-history":[{"count":0,"href":"https:\/\/www.tucomarca.com\/wordpress\/segunda\/wp-json\/wp\/v2\/posts\/42969\/revisions"}],"wp:attachment":[{"href":"https:\/\/www.tucomarca.com\/wordpress\/segunda\/wp-json\/wp\/v2\/media?parent=42969"}],"wp:term":[{"taxonomy":"category","embeddable":true,"href":"https:\/\/www.tucomarca.com\/wordpress\/segunda\/wp-json\/wp\/v2\/categories?post=42969"},{"taxonomy":"post_tag","embeddable":true,"href":"https:\/\/www.tucomarca.com\/wordpress\/segunda\/wp-json\/wp\/v2\/tags?post=42969"}],"curies":[{"name":"wp","href":"https:\/\/api.w.org\/{rel}","templated":true}]}}