{"id":42973,"date":"2015-12-31T16:51:45","date_gmt":"2015-12-31T13:51:45","guid":{"rendered":"http:\/\/www.tucomarca.com\/wordpress\/segunda\/?p=42973"},"modified":"2015-12-31T16:51:45","modified_gmt":"2015-12-31T13:51:45","slug":"turis-dedicara-su-avenida-principal-a-bautista-soler-crespo","status":"publish","type":"post","link":"https:\/\/www.tucomarca.com\/wordpress\/segunda\/turis-dedicara-su-avenida-principal-a-bautista-soler-crespo\/","title":{"rendered":"Tur\u00eds dedicar\u00e1 su avenida principal a Bautista Soler Crespo"},"content":{"rendered":"<p>El Ayuntamiento de Tur\u00eds aprob\u00f3 en sesi\u00f3n plenaria extraordinaria de 3 de diciembre dedicar la avenida de entrada a la localidad a D. Bautista Soler Crespo, cambiando su denominaci\u00f3n de calle Godelleta, nombre que pasa a designar la v\u00eda que hasta el momento estaba dedicada a Soler, junto al Hogar de los Ni\u00f1os y el instituto de secundaria.<\/p>\n<p>Seg\u00fan explica el alcalde, Ismael Corell, \u201cnos parece que con todo lo que ha hecho nuestro paisano en nuestra localidad se merec\u00eda algo m\u00e1s que una calle en su pueblo natal, y por eso toda la corporaci\u00f3n por unanimidad decidi\u00f3 poner su nombre al primer tramo de la avenida por la que se accede a Tur\u00eds desde la CV-50\u201d.<\/p>\n<p>\u201cEs una de las entradas m\u00e1s importantes y creemos que va en consonancia con las grandes obras que ha realizado Soler a lo largo de los a\u00f1os en beneficio de todos los turisanos como la finalizaci\u00f3n del campanario de la iglesia y la reforma de su altar mayor devolvi\u00e9ndolo a su estado original, los accesos al cementerio y su capilla, el conservatorio Lola Luj\u00e1n y el Hogar de los ni\u00f1os, como obras m\u00e1s importantes\u201d.<\/p>\n<p>La inauguraci\u00f3n oficial tendr\u00e1 lugar el pr\u00f3ximo viernes 8 de enero por la tarde.<\/p>\n<p>&nbsp;<\/p>\n","protected":false},"excerpt":{"rendered":"<div class=\"mh-excerpt\">El Ayuntamiento de Tur\u00eds aprob\u00f3 en sesi\u00f3n plenaria extraordinaria de 3 de diciembre dedicar la avenida de entrada a la localidad a D. Bautista Soler Crespo, cambiando su denominaci\u00f3n de calle Godelleta, nombre que pasa <a class=\"mh-excerpt-more\" href=\"https:\/\/www.tucomarca.com\/wordpress\/segunda\/turis-dedicara-su-avenida-principal-a-bautista-soler-crespo\/\" title=\"Tur\u00eds dedicar\u00e1 su avenida principal a Bautista Soler Crespo\">[+] <\/a><\/div>\n","protected":false},"author":1,"featured_media":0,"comment_status":"open","ping_status":"open","sticky":false,"template":"","format":"standard","meta":{"footnotes":""},"categories":[128,8,42,3,43],"tags":[],"class_list":{"0":"post-42973","1":"post","2":"type-post","3":"status-publish","4":"format-standard","6":"category-infraestructuras","7":"category-la-comarca","8":"category-la-ribera","9":"category-seccion","10":"category-turis"},"_links":{"self":[{"href":"https:\/\/www.tucomarca.com\/wordpress\/segunda\/wp-json\/wp\/v2\/posts\/42973","targetHints":{"allow":["GET"]}}],"collection":[{"href":"https:\/\/www.tucomarca.com\/wordpress\/segunda\/wp-json\/wp\/v2\/posts"}],"about":[{"href":"https:\/\/www.tucomarca.com\/wordpress\/segunda\/wp-json\/wp\/v2\/types\/post"}],"author":[{"embeddable":true,"href":"https:\/\/www.tucomarca.com\/wordpress\/segunda\/wp-json\/wp\/v2\/users\/1"}],"replies":[{"embeddable":true,"href":"https:\/\/www.tucomarca.com\/wordpress\/segunda\/wp-json\/wp\/v2\/comments?post=42973"}],"version-history":[{"count":0,"href":"https:\/\/www.tucomarca.com\/wordpress\/segunda\/wp-json\/wp\/v2\/posts\/42973\/revisions"}],"wp:attachment":[{"href":"https:\/\/www.tucomarca.com\/wordpress\/segunda\/wp-json\/wp\/v2\/media?parent=42973"}],"wp:term":[{"taxonomy":"category","embeddable":true,"href":"https:\/\/www.tucomarca.com\/wordpress\/segunda\/wp-json\/wp\/v2\/categories?post=42973"},{"taxonomy":"post_tag","embeddable":true,"href":"https:\/\/www.tucomarca.com\/wordpress\/segunda\/wp-json\/wp\/v2\/tags?post=42973"}],"curies":[{"name":"wp","href":"https:\/\/api.w.org\/{rel}","templated":true}]}}