{"id":42975,"date":"2015-12-31T00:36:53","date_gmt":"2015-12-30T21:36:53","guid":{"rendered":"http:\/\/www.tucomarca.com\/wordpress\/segunda\/?p=42975"},"modified":"2015-12-31T00:36:53","modified_gmt":"2015-12-30T21:36:53","slug":"benifaio-recibe-a-mas-de-70-jovenes-participantes-del-encuentro-europeo-taize","status":"publish","type":"post","link":"https:\/\/www.tucomarca.com\/wordpress\/segunda\/benifaio-recibe-a-mas-de-70-jovenes-participantes-del-encuentro-europeo-taize\/","title":{"rendered":"Benifai\u00f3 recibe a m\u00e1s de 70 j\u00f3venes participantes del Encuentro Europeo Taiz\u00e9"},"content":{"rendered":"<figure id=\"attachment_42977\" aria-describedby=\"caption-attachment-42977\" style=\"width: 225px\" class=\"wp-caption alignleft\"><a href=\"https:\/\/www.tucomarca.com\/wordpress\/segunda\/wp-content\/uploads\/2015\/12\/TAIZEBENIFAIO.jpg\"><img loading=\"lazy\" decoding=\"async\" class=\"size-medium wp-image-42977\" title=\"TAIZEBENIFAIO\" src=\"https:\/\/www.tucomarca.com\/wordpress\/segunda\/wp-content\/uploads\/2015\/12\/TAIZEBENIFAIO-225x300.jpg\" alt=\"Autoridades locales junto a los j\u00f3venes participantes en la iniciativa religiosa.\" width=\"225\" height=\"300\" \/><\/a><figcaption id=\"caption-attachment-42977\" class=\"wp-caption-text\">Autoridades locales junto a los j\u00f3venes participantes en la iniciativa religiosa.<\/figcaption><\/figure>\n<p>Hasta el pr\u00f3ximo 2 de enero la ciudad de Valencia acoge adem\u00e1s de 20.000 j\u00f3venes de varios pa\u00edses europeos para participar en el Encuentro Europeo de Taiz\u00e9 del que forman parte varias comunidades de cristianos.<\/p>\n<p>Miles de j\u00f3venes de toda Europa y m\u00e1s all\u00e1 son acogidos por las parroquias, las comunidades religiosas y familias de la comunidad valenciana. Benifai\u00f3 forma parte de los municipios que acoge estos d\u00edas a j\u00f3venes participantes del Encuentro.<\/p>\n<p>La alcaldesa Marta Ortiz junto con el rector D. F\u00e9lix Duart y miembros de la coordinaci\u00f3n del Encuentro han recibido esta ma\u00f1ana a los m\u00e1s de 70 j\u00f3venes que estar\u00e1n estos d\u00edas hospedados en familias de Benifai\u00f3.<\/p>\n<p>La alcaldesa les ha dado la bienvenida al mismo tiempo que les ha ofrecido visitar la Torre de la Plaza como monumento hist\u00f3rico destacado del municipio.<\/p>\n<p>Recordar que la Parroquia present\u00f3 el Encuentro el pasado mes de noviembre con una reuni\u00f3n informativa por parte de voluntarios de Taiz\u00e9 y con una Oraci\u00f3n Taiz\u00e9 en el templo parroquial para animar a los j\u00f3venes de Benifai\u00f3 a participar en el encuentro.<\/p>\n<p>Tras esta reuni\u00f3n fueron muchas las familias de Benifai\u00f3 que se ofrecieron a acoger a j\u00f3venes europeos que participaran en Valencia en la programaci\u00f3n organizada.<\/p>\n<p>&nbsp;<\/p>\n","protected":false},"excerpt":{"rendered":"<div class=\"mh-excerpt\">Hasta el pr\u00f3ximo 2 de enero la ciudad de Valencia acoge adem\u00e1s de 20.000 j\u00f3venes de varios pa\u00edses europeos para participar en el Encuentro Europeo de Taiz\u00e9 del que forman parte varias comunidades de cristianos. <a class=\"mh-excerpt-more\" href=\"https:\/\/www.tucomarca.com\/wordpress\/segunda\/benifaio-recibe-a-mas-de-70-jovenes-participantes-del-encuentro-europeo-taize\/\" title=\"Benifai\u00f3 recibe a m\u00e1s de 70 j\u00f3venes participantes del Encuentro Europeo Taiz\u00e9\">[+] <\/a><\/div>\n","protected":false},"author":1,"featured_media":42977,"comment_status":"open","ping_status":"open","sticky":false,"template":"","format":"standard","meta":{"footnotes":""},"categories":[267,42,7,3,45],"tags":[],"class_list":{"0":"post-42975","1":"post","2":"type-post","3":"status-publish","4":"format-standard","5":"has-post-thumbnail","7":"category-benifaio","8":"category-la-ribera","9":"category-ocio-y-cultura","10":"category-seccion","11":"category-ventana"},"_links":{"self":[{"href":"https:\/\/www.tucomarca.com\/wordpress\/segunda\/wp-json\/wp\/v2\/posts\/42975","targetHints":{"allow":["GET"]}}],"collection":[{"href":"https:\/\/www.tucomarca.com\/wordpress\/segunda\/wp-json\/wp\/v2\/posts"}],"about":[{"href":"https:\/\/www.tucomarca.com\/wordpress\/segunda\/wp-json\/wp\/v2\/types\/post"}],"author":[{"embeddable":true,"href":"https:\/\/www.tucomarca.com\/wordpress\/segunda\/wp-json\/wp\/v2\/users\/1"}],"replies":[{"embeddable":true,"href":"https:\/\/www.tucomarca.com\/wordpress\/segunda\/wp-json\/wp\/v2\/comments?post=42975"}],"version-history":[{"count":0,"href":"https:\/\/www.tucomarca.com\/wordpress\/segunda\/wp-json\/wp\/v2\/posts\/42975\/revisions"}],"wp:featuredmedia":[{"embeddable":true,"href":"https:\/\/www.tucomarca.com\/wordpress\/segunda\/wp-json\/wp\/v2\/media\/42977"}],"wp:attachment":[{"href":"https:\/\/www.tucomarca.com\/wordpress\/segunda\/wp-json\/wp\/v2\/media?parent=42975"}],"wp:term":[{"taxonomy":"category","embeddable":true,"href":"https:\/\/www.tucomarca.com\/wordpress\/segunda\/wp-json\/wp\/v2\/categories?post=42975"},{"taxonomy":"post_tag","embeddable":true,"href":"https:\/\/www.tucomarca.com\/wordpress\/segunda\/wp-json\/wp\/v2\/tags?post=42975"}],"curies":[{"name":"wp","href":"https:\/\/api.w.org\/{rel}","templated":true}]}}