{"id":42979,"date":"2015-12-31T00:43:24","date_gmt":"2015-12-30T21:43:24","guid":{"rendered":"http:\/\/www.tucomarca.com\/wordpress\/segunda\/?p=42979"},"modified":"2015-12-31T00:43:48","modified_gmt":"2015-12-30T21:43:48","slug":"cheste-recibe-a-78-jovenes-participantes-en-el-encuentro-europeo-de-taize","status":"publish","type":"post","link":"https:\/\/www.tucomarca.com\/wordpress\/segunda\/cheste-recibe-a-78-jovenes-participantes-en-el-encuentro-europeo-de-taize\/","title":{"rendered":"Cheste recibe a 78 j\u00f3venes participantes en el Encuentro Europeo de Taiz\u00e9"},"content":{"rendered":"<figure id=\"attachment_42980\" aria-describedby=\"caption-attachment-42980\" style=\"width: 300px\" class=\"wp-caption alignleft\"><a href=\"https:\/\/www.tucomarca.com\/wordpress\/segunda\/wp-content\/uploads\/2015\/12\/cheste_taize.jpg\"><img loading=\"lazy\" decoding=\"async\" class=\"size-medium wp-image-42980\" title=\"cheste_taize\" src=\"https:\/\/www.tucomarca.com\/wordpress\/segunda\/wp-content\/uploads\/2015\/12\/cheste_taize-300x199.jpg\" alt=\"El alcalde recibi\u00f3 a los j\u00f3venes participantes en la iniciativa religiosa.\" width=\"300\" height=\"199\" srcset=\"https:\/\/www.tucomarca.com\/wordpress\/segunda\/wp-content\/uploads\/2015\/12\/cheste_taize-300x199.jpg 300w, https:\/\/www.tucomarca.com\/wordpress\/segunda\/wp-content\/uploads\/2015\/12\/cheste_taize-1024x682.jpg 1024w, https:\/\/www.tucomarca.com\/wordpress\/segunda\/wp-content\/uploads\/2015\/12\/cheste_taize.jpg 2048w\" sizes=\"auto, (max-width: 300px) 100vw, 300px\" \/><\/a><figcaption id=\"caption-attachment-42980\" class=\"wp-caption-text\">El alcalde recibi\u00f3 a los j\u00f3venes participantes en la iniciativa religiosa.<\/figcaption><\/figure>\n<p>Este mi\u00e9rcoles por la ma\u00f1ana el Ayuntamiento de Cheste ha dado la bienvenida a 70 j\u00f3venes que participan en el 38\u00ba Encuentro Europeo que la comunidad religiosa de Taiz\u00e9 (Francia) ha convocado en Valencia y que se alojan en casas de chestanos y chestanas desde el pasado lunes 28 de diciembre.<\/p>\n<p>Por invitaci\u00f3n de la Archidi\u00f3cesis y de otras iglesias cristianas de la provincia, la Comunidad religiosa de Taiz\u00e9 estar\u00e1 celebrando este encuentro hasta el 1 de enero. En \u00e9l se congregan m\u00e1s de 15.000 personas de diferentes pa\u00edses de Europa con la finalidad de \u201cprofundizar en la oraci\u00f3n, la fe, el compromiso social y la convivencia con cristianos de distintas tradiciones\u201d, tal y como explican desde la Comunidad. En concreto, Cheste acoge a participantes procedentes de Francia, Polonia, Alemania, Bielorrusia y Eslovenia.<\/p>\n<p>El acto de bienvenida ha tenido lugar en el Sal\u00f3n de Plenos del Ayuntamiento, donde el alcalde de Cheste, Jos\u00e9 Morell, dio a conocer el municipio a nivel pol\u00edtico, social y econ\u00f3mico, haciendo\u00a0 menci\u00f3n de las actividades y servicios que se llevan a cabo desde el Ayuntamiento y concretamente, desde el \u00e1rea de servicios sociales.<\/p>\n<p>\u201cEstamos al inicio de nuestra legislatura pol\u00edtica y estamos definiendo las principales l\u00edneas de actuaci\u00f3n. Tenemos una larga lista de preocupaciones sociales en las que ya estamos trabajando y tambi\u00e9n es muy importante nuestra labor en la planificaci\u00f3n urbana, agr\u00edcola, alumbrado p\u00fablico y promoci\u00f3n de la cultura y deportes, entre otras muchas materias\u201d, les ha explicado Morell. Durante la recepci\u00f3n el alcalde se ha dirigido a los asistentes en ingl\u00e9s y ha contado con la participaci\u00f3n de vecinos que han colaborado para traducir sus palabras al franc\u00e9s y al alem\u00e1n y as\u00ed facilitar el entendimiento a los asistentes, ya que proceden de cinco pa\u00edses distintos.<\/p>\n<p>Al finalizar el acto de bienvenida, los visitantes han probado productos t\u00edpicos locales y han podido trasladar sus consultas al equipo de gobierno. \u201cEsta es una buena oportunidad para conocer las inquietudes de j\u00f3venes de otros pa\u00edses europeos y para compartir nuestras preocupaciones sociales y nuestra labor en el gobierno\u201d, ha afirmado Morell.<\/p>\n","protected":false},"excerpt":{"rendered":"<div class=\"mh-excerpt\">Este mi\u00e9rcoles por la ma\u00f1ana el Ayuntamiento de Cheste ha dado la bienvenida a 70 j\u00f3venes que participan en el 38\u00ba Encuentro Europeo que la comunidad religiosa de Taiz\u00e9 (Francia) ha convocado en Valencia y <a class=\"mh-excerpt-more\" href=\"https:\/\/www.tucomarca.com\/wordpress\/segunda\/cheste-recibe-a-78-jovenes-participantes-en-el-encuentro-europeo-de-taize\/\" title=\"Cheste recibe a 78 j\u00f3venes participantes en el Encuentro Europeo de Taiz\u00e9\">[+] <\/a><\/div>\n","protected":false},"author":1,"featured_media":42980,"comment_status":"open","ping_status":"open","sticky":false,"template":"","format":"standard","meta":{"footnotes":""},"categories":[17,10,7,3,45],"tags":[],"class_list":{"0":"post-42979","1":"post","2":"type-post","3":"status-publish","4":"format-standard","5":"has-post-thumbnail","7":"category-cheste","8":"category-la-hoya","9":"category-ocio-y-cultura","10":"category-seccion","11":"category-ventana"},"_links":{"self":[{"href":"https:\/\/www.tucomarca.com\/wordpress\/segunda\/wp-json\/wp\/v2\/posts\/42979","targetHints":{"allow":["GET"]}}],"collection":[{"href":"https:\/\/www.tucomarca.com\/wordpress\/segunda\/wp-json\/wp\/v2\/posts"}],"about":[{"href":"https:\/\/www.tucomarca.com\/wordpress\/segunda\/wp-json\/wp\/v2\/types\/post"}],"author":[{"embeddable":true,"href":"https:\/\/www.tucomarca.com\/wordpress\/segunda\/wp-json\/wp\/v2\/users\/1"}],"replies":[{"embeddable":true,"href":"https:\/\/www.tucomarca.com\/wordpress\/segunda\/wp-json\/wp\/v2\/comments?post=42979"}],"version-history":[{"count":0,"href":"https:\/\/www.tucomarca.com\/wordpress\/segunda\/wp-json\/wp\/v2\/posts\/42979\/revisions"}],"wp:featuredmedia":[{"embeddable":true,"href":"https:\/\/www.tucomarca.com\/wordpress\/segunda\/wp-json\/wp\/v2\/media\/42980"}],"wp:attachment":[{"href":"https:\/\/www.tucomarca.com\/wordpress\/segunda\/wp-json\/wp\/v2\/media?parent=42979"}],"wp:term":[{"taxonomy":"category","embeddable":true,"href":"https:\/\/www.tucomarca.com\/wordpress\/segunda\/wp-json\/wp\/v2\/categories?post=42979"},{"taxonomy":"post_tag","embeddable":true,"href":"https:\/\/www.tucomarca.com\/wordpress\/segunda\/wp-json\/wp\/v2\/tags?post=42979"}],"curies":[{"name":"wp","href":"https:\/\/api.w.org\/{rel}","templated":true}]}}