{"id":42987,"date":"2015-12-31T00:32:09","date_gmt":"2015-12-30T21:32:09","guid":{"rendered":"http:\/\/www.tucomarca.com\/wordpress\/segunda\/?p=42987"},"modified":"2015-12-31T00:32:09","modified_gmt":"2015-12-30T21:32:09","slug":"el-tall-de-la-cv-377-de-bugarra-a-gestalgar-es-prorroga-fins-al-31-de-maig","status":"publish","type":"post","link":"https:\/\/www.tucomarca.com\/wordpress\/segunda\/el-tall-de-la-cv-377-de-bugarra-a-gestalgar-es-prorroga-fins-al-31-de-maig\/","title":{"rendered":"El tall de la CV-377 de Bugarra a Gestalgar es prorroga fins al 31 de maig"},"content":{"rendered":"<p>L&#8217;\u00e0rea de Carreteres de la Diputaci\u00f3 de Val\u00e8ncia pr\u00f2rroga fins al 31 de maig del 2016 el tall de la CV-377 de Pedralba a Gestalgar, concretament entre el km 5,040 i el km 12,000, per les obres de condicionament i refor\u00e7 de ferm en el tram de Bugarra a Gestalgar.<\/p>\n<p>L&#8217;itinerari alternatiu es realitzar\u00e0 des de Pedralba prenent la CV-380, incorporant-se a la CV-381, per a enlla\u00e7ar a continuaci\u00f3 amb la CV-379 i poder accedir aix\u00ed a Gestalgar i viceversa en el sentit contrari.<\/p>\n<p>&nbsp;<\/p>\n","protected":false},"excerpt":{"rendered":"<div class=\"mh-excerpt\">L&#8217;\u00e0rea de Carreteres de la Diputaci\u00f3 de Val\u00e8ncia pr\u00f2rroga fins al 31 de maig del 2016 el tall de la CV-377 de Pedralba a Gestalgar, concretament entre el km 5,040 i el km 12,000, per <a class=\"mh-excerpt-more\" href=\"https:\/\/www.tucomarca.com\/wordpress\/segunda\/el-tall-de-la-cv-377-de-bugarra-a-gestalgar-es-prorroga-fins-al-31-de-maig\/\" title=\"El tall de la CV-377 de Bugarra a Gestalgar es prorroga fins al 31 de maig\">[+] <\/a><\/div>\n","protected":false},"author":1,"featured_media":0,"comment_status":"open","ping_status":"open","sticky":false,"template":"","format":"standard","meta":{"footnotes":""},"categories":[185,193,128,8,59,3],"tags":[],"class_list":{"0":"post-42987","1":"post","2":"type-post","3":"status-publish","4":"format-standard","6":"category-bugarra","7":"category-gestalgar","8":"category-infraestructuras","9":"category-la-comarca","10":"category-los-serranos","11":"category-seccion"},"_links":{"self":[{"href":"https:\/\/www.tucomarca.com\/wordpress\/segunda\/wp-json\/wp\/v2\/posts\/42987","targetHints":{"allow":["GET"]}}],"collection":[{"href":"https:\/\/www.tucomarca.com\/wordpress\/segunda\/wp-json\/wp\/v2\/posts"}],"about":[{"href":"https:\/\/www.tucomarca.com\/wordpress\/segunda\/wp-json\/wp\/v2\/types\/post"}],"author":[{"embeddable":true,"href":"https:\/\/www.tucomarca.com\/wordpress\/segunda\/wp-json\/wp\/v2\/users\/1"}],"replies":[{"embeddable":true,"href":"https:\/\/www.tucomarca.com\/wordpress\/segunda\/wp-json\/wp\/v2\/comments?post=42987"}],"version-history":[{"count":0,"href":"https:\/\/www.tucomarca.com\/wordpress\/segunda\/wp-json\/wp\/v2\/posts\/42987\/revisions"}],"wp:attachment":[{"href":"https:\/\/www.tucomarca.com\/wordpress\/segunda\/wp-json\/wp\/v2\/media?parent=42987"}],"wp:term":[{"taxonomy":"category","embeddable":true,"href":"https:\/\/www.tucomarca.com\/wordpress\/segunda\/wp-json\/wp\/v2\/categories?post=42987"},{"taxonomy":"post_tag","embeddable":true,"href":"https:\/\/www.tucomarca.com\/wordpress\/segunda\/wp-json\/wp\/v2\/tags?post=42987"}],"curies":[{"name":"wp","href":"https:\/\/api.w.org\/{rel}","templated":true}]}}