{"id":43007,"date":"2015-12-31T16:45:41","date_gmt":"2015-12-31T13:45:41","guid":{"rendered":"http:\/\/www.tucomarca.com\/wordpress\/segunda\/?p=43007"},"modified":"2015-12-31T16:50:49","modified_gmt":"2015-12-31T13:50:49","slug":"la-guardia-civil-hace-entrega-de-753-kilos-de-alimentos-a-beneficio-de-caritas","status":"publish","type":"post","link":"https:\/\/www.tucomarca.com\/wordpress\/segunda\/la-guardia-civil-hace-entrega-de-753-kilos-de-alimentos-a-beneficio-de-caritas\/","title":{"rendered":"La Guardia Civil hace entrega de 753 kilos de alimentos a beneficio de C\u00e1ritas"},"content":{"rendered":"<figure id=\"attachment_43008\" aria-describedby=\"caption-attachment-43008\" style=\"width: 300px\" class=\"wp-caption alignleft\"><a href=\"https:\/\/www.tucomarca.com\/wordpress\/segunda\/wp-content\/uploads\/2015\/12\/IMG_0561.jpg\"><img loading=\"lazy\" decoding=\"async\" class=\"size-medium wp-image-43008\" title=\"IMG_0561\" src=\"https:\/\/www.tucomarca.com\/wordpress\/segunda\/wp-content\/uploads\/2015\/12\/IMG_0561-300x168.jpg\" alt=\"El Coronel Jefe de la Comandancia de la Guardai Civil fue el encargado de hacer entrega a los responsables de C\u00e1ritas.\" width=\"300\" height=\"168\" srcset=\"https:\/\/www.tucomarca.com\/wordpress\/segunda\/wp-content\/uploads\/2015\/12\/IMG_0561-300x168.jpg 300w, https:\/\/www.tucomarca.com\/wordpress\/segunda\/wp-content\/uploads\/2015\/12\/IMG_0561-1024x576.jpg 1024w\" sizes=\"auto, (max-width: 300px) 100vw, 300px\" \/><\/a><figcaption id=\"caption-attachment-43008\" class=\"wp-caption-text\">El Coronel Jefe de la Comandancia de la Guardai Civil fue el encargado de hacer entrega a los responsables de C\u00e1ritas.<\/figcaption><\/figure>\n<p>Como cada a\u00f1o ya es una tradici\u00f3n en la comandancia de la Guardia Civil de Valencia la puesta en marcha de la \u201cOperaci\u00f3n Kilo\u201d, para la recogida de alimentos, el d\u00eda 31 de diciembre, se ha entregado un total de 753 kilos de alimentos, en beneficio de C\u00e1ritas.<\/p>\n<p>El periodo de dicha campa\u00f1a comenz\u00f3 el pasado d\u00eda 17 de diciembre y finaliz\u00f3 el pasado d\u00eda 29 de diciembre, donde tanto componentes de esta Comandancia, como asociaciones de vecinos, asociaciones culturales, comisiones falleras, asociaciones agr\u00edcolas, as\u00ed como establecimientos comerciales como Paco Perfumer\u00edas y Alain inmobiliaria, han colaborado en esta iniciativa, con la entrega de dichos alimentos no perecederos en favor de C\u00e1ritas.<\/p>\n<p>El Coronel Jefe de la Comandancia de la Guardia Civil de Valencia, D. Amador Escalada S\u00e1nchez, fue el encargado de realizar la entrega de los alimentos recogidos dentro de esta campa\u00f1a, al p\u00e1rroco D. Juan de la parroquia del barrio de Patraix, el cual agradeci\u00f3 esta iniciativa para con los m\u00e1s necesitados.<\/p>\n<p>As\u00ed mismo, el Coronel quiso destacar, el gran \u00e9xito de esta campa\u00f1a, la cual super\u00f3 todas las expectativas, llegando a recibir un total de 753 kilos de alimentos no perecederos y esperando que el a\u00f1o pr\u00f3ximo se supere esta cantidad.<\/p>\n","protected":false},"excerpt":{"rendered":"<div class=\"mh-excerpt\">Como cada a\u00f1o ya es una tradici\u00f3n en la comandancia de la Guardia Civil de Valencia la puesta en marcha de la \u201cOperaci\u00f3n Kilo\u201d, para la recogida de alimentos, el d\u00eda 31 de diciembre, se <a class=\"mh-excerpt-more\" href=\"https:\/\/www.tucomarca.com\/wordpress\/segunda\/la-guardia-civil-hace-entrega-de-753-kilos-de-alimentos-a-beneficio-de-caritas\/\" title=\"La Guardia Civil hace entrega de 753 kilos de alimentos a beneficio de C\u00e1ritas\">[+] <\/a><\/div>\n","protected":false},"author":1,"featured_media":43008,"comment_status":"open","ping_status":"open","sticky":false,"template":"","format":"standard","meta":{"footnotes":""},"categories":[72,45],"tags":[],"class_list":{"0":"post-43007","1":"post","2":"type-post","3":"status-publish","4":"format-standard","5":"has-post-thumbnail","7":"category-sin-categorizar","8":"category-ventana"},"_links":{"self":[{"href":"https:\/\/www.tucomarca.com\/wordpress\/segunda\/wp-json\/wp\/v2\/posts\/43007","targetHints":{"allow":["GET"]}}],"collection":[{"href":"https:\/\/www.tucomarca.com\/wordpress\/segunda\/wp-json\/wp\/v2\/posts"}],"about":[{"href":"https:\/\/www.tucomarca.com\/wordpress\/segunda\/wp-json\/wp\/v2\/types\/post"}],"author":[{"embeddable":true,"href":"https:\/\/www.tucomarca.com\/wordpress\/segunda\/wp-json\/wp\/v2\/users\/1"}],"replies":[{"embeddable":true,"href":"https:\/\/www.tucomarca.com\/wordpress\/segunda\/wp-json\/wp\/v2\/comments?post=43007"}],"version-history":[{"count":0,"href":"https:\/\/www.tucomarca.com\/wordpress\/segunda\/wp-json\/wp\/v2\/posts\/43007\/revisions"}],"wp:featuredmedia":[{"embeddable":true,"href":"https:\/\/www.tucomarca.com\/wordpress\/segunda\/wp-json\/wp\/v2\/media\/43008"}],"wp:attachment":[{"href":"https:\/\/www.tucomarca.com\/wordpress\/segunda\/wp-json\/wp\/v2\/media?parent=43007"}],"wp:term":[{"taxonomy":"category","embeddable":true,"href":"https:\/\/www.tucomarca.com\/wordpress\/segunda\/wp-json\/wp\/v2\/categories?post=43007"},{"taxonomy":"post_tag","embeddable":true,"href":"https:\/\/www.tucomarca.com\/wordpress\/segunda\/wp-json\/wp\/v2\/tags?post=43007"}],"curies":[{"name":"wp","href":"https:\/\/api.w.org\/{rel}","templated":true}]}}