{"id":43010,"date":"2015-12-31T16:51:59","date_gmt":"2015-12-31T13:51:59","guid":{"rendered":"http:\/\/www.tucomarca.com\/wordpress\/segunda\/?p=43010"},"modified":"2015-12-31T16:51:59","modified_gmt":"2015-12-31T13:51:59","slug":"el-ayuntamiento-modifica-las-ordenanzas-reguladoras-de-las-terrazas-de-los-locales-de-cheste","status":"publish","type":"post","link":"https:\/\/www.tucomarca.com\/wordpress\/segunda\/el-ayuntamiento-modifica-las-ordenanzas-reguladoras-de-las-terrazas-de-los-locales-de-cheste\/","title":{"rendered":"El Ayuntamiento modifica las ordenanzas reguladoras de las terrazas de los locales de Cheste"},"content":{"rendered":"<p>El Equipo de Gobierno aprob\u00f3 en el pasado Pleno del 28 de diciembre las modificaciones de las dos ordenanzas reguladoras relativas a la instalaci\u00f3n de terrazas y veladores en la v\u00eda p\u00fablica con el objetivo de adaptarlas a la realidad actual y mejorar su gesti\u00f3n administrativa.<\/p>\n<p>\u201cCuando llegamos al Gobierno nos dimos cuenta de que tanto la ordenanza fiscal como la general, de 2005 y 2010 respectivamente, no se ajustaban a la situaci\u00f3n actual, ya que en los \u00faltimos a\u00f1os se ha generalizado la instalaci\u00f3n de terrazas en los bares y su mantenimiento durante todo el a\u00f1o y, sin embargo, solo se regulaban de marzo a noviembre. Nos encontramos con que cada a\u00f1o se cobraban las terrazas de una forma distinta y esa situaci\u00f3n era inviable\u201d, se\u00f1alaba Carmen Delgado, concejala de Hacienda.<\/p>\n<p>Con la aprobaci\u00f3n de la modificaci\u00f3n de estas ordenanzas, los locales, bares y cafeter\u00edas que instalen terrazas en la v\u00eda p\u00fablica abonar\u00e1n la tasa correspondiente todos los d\u00edas de la semana, siendo el precio por metro cuadrado y d\u00eda de 0,10 euros para las terrazas fijas y de 0,05 euros por metro cuadrado y d\u00eda para aquellas terrazas que cada noche retiran mesas, sillas y sombrillas, dejando espacio libre para el aparcamiento.<\/p>\n<p>\u201cEsta tasa se cobra porque los bares y cafeter\u00edas utilizan suelo p\u00fablico para beneficio propio con \u00e1nimo de lucro y por eso es importante que est\u00e9 bien regulado su uso y los precios a pagar por ello\u201d explica Delgado, \u201cla finalidad no es recaudar m\u00e1s por este concepto sino mejorar la gesti\u00f3n administrativa, ajustarla a la realidad, acabar con la confusi\u00f3n actual y as\u00ed evitar que se necesite demasiado personal para el control del cumplimiento de la normativa\u201d.<\/p>\n","protected":false},"excerpt":{"rendered":"<div class=\"mh-excerpt\">El Equipo de Gobierno aprob\u00f3 en el pasado Pleno del 28 de diciembre las modificaciones de las dos ordenanzas reguladoras relativas a la instalaci\u00f3n de terrazas y veladores en la v\u00eda p\u00fablica con el objetivo <a class=\"mh-excerpt-more\" href=\"https:\/\/www.tucomarca.com\/wordpress\/segunda\/el-ayuntamiento-modifica-las-ordenanzas-reguladoras-de-las-terrazas-de-los-locales-de-cheste\/\" title=\"El Ayuntamiento modifica las ordenanzas reguladoras de las terrazas de los locales de Cheste\">[+] <\/a><\/div>\n","protected":false},"author":1,"featured_media":0,"comment_status":"open","ping_status":"open","sticky":false,"template":"","format":"standard","meta":{"footnotes":""},"categories":[17,8,10,142,3],"tags":[],"class_list":{"0":"post-43010","1":"post","2":"type-post","3":"status-publish","4":"format-standard","6":"category-cheste","7":"category-la-comarca","8":"category-la-hoya","9":"category-politica-la-comarca","10":"category-seccion"},"_links":{"self":[{"href":"https:\/\/www.tucomarca.com\/wordpress\/segunda\/wp-json\/wp\/v2\/posts\/43010","targetHints":{"allow":["GET"]}}],"collection":[{"href":"https:\/\/www.tucomarca.com\/wordpress\/segunda\/wp-json\/wp\/v2\/posts"}],"about":[{"href":"https:\/\/www.tucomarca.com\/wordpress\/segunda\/wp-json\/wp\/v2\/types\/post"}],"author":[{"embeddable":true,"href":"https:\/\/www.tucomarca.com\/wordpress\/segunda\/wp-json\/wp\/v2\/users\/1"}],"replies":[{"embeddable":true,"href":"https:\/\/www.tucomarca.com\/wordpress\/segunda\/wp-json\/wp\/v2\/comments?post=43010"}],"version-history":[{"count":0,"href":"https:\/\/www.tucomarca.com\/wordpress\/segunda\/wp-json\/wp\/v2\/posts\/43010\/revisions"}],"wp:attachment":[{"href":"https:\/\/www.tucomarca.com\/wordpress\/segunda\/wp-json\/wp\/v2\/media?parent=43010"}],"wp:term":[{"taxonomy":"category","embeddable":true,"href":"https:\/\/www.tucomarca.com\/wordpress\/segunda\/wp-json\/wp\/v2\/categories?post=43010"},{"taxonomy":"post_tag","embeddable":true,"href":"https:\/\/www.tucomarca.com\/wordpress\/segunda\/wp-json\/wp\/v2\/tags?post=43010"}],"curies":[{"name":"wp","href":"https:\/\/api.w.org\/{rel}","templated":true}]}}