{"id":43172,"date":"2016-01-11T13:57:03","date_gmt":"2016-01-11T10:57:03","guid":{"rendered":"http:\/\/www.tucomarca.com\/wordpress\/segunda\/?p=43172"},"modified":"2016-01-11T13:57:06","modified_gmt":"2016-01-11T10:57:06","slug":"bautista-soler-recibe-el-carino-de-sus-paisanos-de-turis-durante-la-inauguracion-de-la-avenida-que-lleva-su-nombre","status":"publish","type":"post","link":"https:\/\/www.tucomarca.com\/wordpress\/segunda\/bautista-soler-recibe-el-carino-de-sus-paisanos-de-turis-durante-la-inauguracion-de-la-avenida-que-lleva-su-nombre\/","title":{"rendered":"Bautista Soler recibe el cari\u00f1o de sus paisanos de Tur\u00eds durante la inauguraci\u00f3n de la avenida que lleva su nombre"},"content":{"rendered":"<p><figure id=\"attachment_43173\" aria-describedby=\"caption-attachment-43173\" style=\"width: 300px\" class=\"wp-caption alignleft\"><a href=\"https:\/\/www.tucomarca.com\/wordpress\/segunda\/2016\/01\/bautista-soler-recibe-el-carino-de-sus-paisanos-de-turis-durante-la-inauguracion-de-la-avenida-que-lleva-su-nombre\/img_0086\/\" rel=\"attachment wp-att-43173\"><img loading=\"lazy\" decoding=\"async\" src=\"https:\/\/www.tucomarca.com\/wordpress\/segunda\/wp-content\/uploads\/2016\/01\/IMG_0086-e1452509752934-300x170.jpg\" alt=\"\" title=\"IMG_0086\" width=\"300\" height=\"170\" class=\"size-medium wp-image-43173\" srcset=\"https:\/\/www.tucomarca.com\/wordpress\/segunda\/wp-content\/uploads\/2016\/01\/IMG_0086-e1452509752934-300x170.jpg 300w, https:\/\/www.tucomarca.com\/wordpress\/segunda\/wp-content\/uploads\/2016\/01\/IMG_0086-e1452509752934-1024x582.jpg 1024w\" sizes=\"auto, (max-width: 300px) 100vw, 300px\" \/><\/a><figcaption id=\"caption-attachment-43173\" class=\"wp-caption-text\">Familiares y miembros de la corporaci\u00f3n local junto al homenajeado. tc.c<\/figcaption><\/figure>A partir de ahora, cuando se llega a Tur\u00eds desde la CV-50 se entra por la Avenida Bautista Soler Crespo. El pasado viernes se materializ\u00f3 el acuerdo plenario de 3 de diciembre de 2015 en el que, por unanimidad, decidi\u00f3 dedicar esta importante v\u00eda del municipio al que para los turisanos es su gran benefactor.<br \/>\nHasta el lugar en el que est\u00e1 instalada la placa se desplaz\u00f3 la comitiva en la que adem\u00e1s de la Reina de las Fiestas y su Corte de Honor no faltaron los representantes de entidades y asociaciones locales as\u00ed como todos los hermanos, hijos y nietos del empresario turisano.<br \/>\nAcompa\u00f1ados por la Sociedad Musical Turisense, el recorrido hasta el lugar indicado no fue escogido al azar. Como bien explica el Alcalde, Ismael Corell, \u201cla intenci\u00f3n era pasar por todas las obras que Don Bautista ha legado a los turisanos, y si bien por el cementerio (donde realiz\u00f3 los accesos y la capilla) nos pillaba un poco lejos, s\u00ed que hemos podido pasar por el conservatorio Lola Luj\u00e1n y por el centro de d\u00eda para ni\u00f1os discapacitados \u201cHogar de los Ni\u00f1os\u201d para acabar realizando los parlamentos bajo la torre-campanario Lola Luj\u00e1n\u201d.<br \/>\nSon, sin duda, unas obras \u201cque constituyen un patrimonio espectacular y una huella imborrable de la historia turisana\u201d. Corell no quiso desaprovechar la oportunidad para manifestar que \u201cen d\u00edas como hoy y actos como este, resulta especialmente satisfactorio y honroso ocupar la alcald\u00eda de nuestro municipio por tratarse del reconocimiento m\u00e1s que merecido hacia uno de nuestros paisanos m\u00e1s ilustres. Una calificaci\u00f3n que se ha ganado a pulso debido a la gran cantidad de obras efectuadas en su pueblo con la principal finalidad de estar destinadas al beneficio y disfrute de sus vecinos\u201d.<br \/>\n\u201cCreemos humildemente que se lo merec\u00eda\u201d, continu\u00f3 exponiendo Corell en su discurso, \u201cy \u00e9sta es la prueba material del eterno agradecimiento y reconocimiento que siempre le tendr\u00e1n sus paisanos\u201d.<br \/>\nBautista Soler se mostr\u00f3 visiblemente emocionado durante toda la tarde y eso se not\u00f3 especialmente cuando tuvo que dedicar unas palabras a los asistentes, entre los cuales le observaban atentos sus familiares.<br \/>\n\u201cLa verdad es que cuando hicimos todas aquellas cosas no se pensaba en esto. Estoy muy emocionado y muy agradecido por este homenaje, porque que en el lugar donde has nacido te dediquen una calle es algo muy especial. Y al final las obras quedar\u00e1n para la posteridad y para beneficio de todos, independientemente de que se diga que las hizo un turisano llamado Bautista Soler. Muchas gracias al Alcalde, a la corporaci\u00f3n municipal y al pueblo de Tur\u00eds\u201d.<\/p>\n","protected":false},"excerpt":{"rendered":"<div class=\"mh-excerpt\">A partir de ahora, cuando se llega a Tur\u00eds desde la CV-50 se entra por la Avenida Bautista Soler Crespo. El pasado viernes se materializ\u00f3 el acuerdo plenario de 3 de diciembre de 2015 en <a class=\"mh-excerpt-more\" href=\"https:\/\/www.tucomarca.com\/wordpress\/segunda\/bautista-soler-recibe-el-carino-de-sus-paisanos-de-turis-durante-la-inauguracion-de-la-avenida-que-lleva-su-nombre\/\" title=\"Bautista Soler recibe el cari\u00f1o de sus paisanos de Tur\u00eds durante la inauguraci\u00f3n de la avenida que lleva su nombre\">[+] <\/a><\/div>\n","protected":false},"author":2,"featured_media":43173,"comment_status":"open","ping_status":"open","sticky":false,"template":"","format":"standard","meta":{"footnotes":""},"categories":[8,42,3,43,45],"tags":[1423,9758,1697,1084,10394],"class_list":{"0":"post-43172","1":"post","2":"type-post","3":"status-publish","4":"format-standard","5":"has-post-thumbnail","7":"category-la-comarca","8":"category-la-ribera","9":"category-seccion","10":"category-turis","11":"category-ventana","12":"tag-acceso","13":"tag-bautista-soler","14":"tag-calle","15":"tag-inauguracion","16":"tag-turis"},"_links":{"self":[{"href":"https:\/\/www.tucomarca.com\/wordpress\/segunda\/wp-json\/wp\/v2\/posts\/43172","targetHints":{"allow":["GET"]}}],"collection":[{"href":"https:\/\/www.tucomarca.com\/wordpress\/segunda\/wp-json\/wp\/v2\/posts"}],"about":[{"href":"https:\/\/www.tucomarca.com\/wordpress\/segunda\/wp-json\/wp\/v2\/types\/post"}],"author":[{"embeddable":true,"href":"https:\/\/www.tucomarca.com\/wordpress\/segunda\/wp-json\/wp\/v2\/users\/2"}],"replies":[{"embeddable":true,"href":"https:\/\/www.tucomarca.com\/wordpress\/segunda\/wp-json\/wp\/v2\/comments?post=43172"}],"version-history":[{"count":0,"href":"https:\/\/www.tucomarca.com\/wordpress\/segunda\/wp-json\/wp\/v2\/posts\/43172\/revisions"}],"wp:featuredmedia":[{"embeddable":true,"href":"https:\/\/www.tucomarca.com\/wordpress\/segunda\/wp-json\/wp\/v2\/media\/43173"}],"wp:attachment":[{"href":"https:\/\/www.tucomarca.com\/wordpress\/segunda\/wp-json\/wp\/v2\/media?parent=43172"}],"wp:term":[{"taxonomy":"category","embeddable":true,"href":"https:\/\/www.tucomarca.com\/wordpress\/segunda\/wp-json\/wp\/v2\/categories?post=43172"},{"taxonomy":"post_tag","embeddable":true,"href":"https:\/\/www.tucomarca.com\/wordpress\/segunda\/wp-json\/wp\/v2\/tags?post=43172"}],"curies":[{"name":"wp","href":"https:\/\/api.w.org\/{rel}","templated":true}]}}