{"id":43206,"date":"2016-01-12T19:36:23","date_gmt":"2016-01-12T16:36:23","guid":{"rendered":"http:\/\/www.tucomarca.com\/wordpress\/segunda\/?p=43206"},"modified":"2016-01-12T19:36:23","modified_gmt":"2016-01-12T16:36:23","slug":"taller-de-defensa-personal-para-mujeres-en-benifaio","status":"publish","type":"post","link":"https:\/\/www.tucomarca.com\/wordpress\/segunda\/taller-de-defensa-personal-para-mujeres-en-benifaio\/","title":{"rendered":"Taller de defensa personal para mujeres en Benifai\u00f3"},"content":{"rendered":"<p> Ayuntamiento de Benifai\u00f3, a trav\u00e9s de la concejal\u00eda de Igualdad, ha puesto en marcha la organizaci\u00f3n de un Taller de defensa personal para mujeres mayores de 13 a\u00f1os.<\/p>\n<p>A cargo de profesores del Club Bujinkan Ninpo-Kai de Benifai\u00f3 las participantes aprender\u00e1n t\u00e9cnicas de defensa personal para afrontar posibles situaciones de robos o agresiones.<\/p>\n<p>El Taller tendr\u00e1 lugar el s\u00e1bado 30 de enero de 10:30h a 13:00h en el pabell\u00f3n municipal de Benifai\u00f3.<\/p>\n<p>La inscripci\u00f3n est\u00e1 abierta hasta el 29 de enero en el correo electr\u00f3nico bujinyago@hotmail.com.<\/p>\n","protected":false},"excerpt":{"rendered":"<div class=\"mh-excerpt\">Ayuntamiento de Benifai\u00f3, a trav\u00e9s de la concejal\u00eda de Igualdad, ha puesto en marcha la organizaci\u00f3n de un Taller de defensa personal para mujeres mayores de 13 a\u00f1os. A cargo de profesores del Club Bujinkan <a class=\"mh-excerpt-more\" href=\"https:\/\/www.tucomarca.com\/wordpress\/segunda\/taller-de-defensa-personal-para-mujeres-en-benifaio\/\" title=\"Taller de defensa personal para mujeres en Benifai\u00f3\">[+] <\/a><\/div>\n","protected":false},"author":2,"featured_media":0,"comment_status":"open","ping_status":"open","sticky":false,"template":"","format":"standard","meta":{"footnotes":""},"categories":[267,8,42,3],"tags":[10460,2998,776,316],"class_list":{"0":"post-43206","1":"post","2":"type-post","3":"status-publish","4":"format-standard","6":"category-benifaio","7":"category-la-comarca","8":"category-la-ribera","9":"category-seccion","10":"tag-benifaio","11":"tag-defensa-personal","12":"tag-mujer","13":"tag-taller"},"_links":{"self":[{"href":"https:\/\/www.tucomarca.com\/wordpress\/segunda\/wp-json\/wp\/v2\/posts\/43206","targetHints":{"allow":["GET"]}}],"collection":[{"href":"https:\/\/www.tucomarca.com\/wordpress\/segunda\/wp-json\/wp\/v2\/posts"}],"about":[{"href":"https:\/\/www.tucomarca.com\/wordpress\/segunda\/wp-json\/wp\/v2\/types\/post"}],"author":[{"embeddable":true,"href":"https:\/\/www.tucomarca.com\/wordpress\/segunda\/wp-json\/wp\/v2\/users\/2"}],"replies":[{"embeddable":true,"href":"https:\/\/www.tucomarca.com\/wordpress\/segunda\/wp-json\/wp\/v2\/comments?post=43206"}],"version-history":[{"count":0,"href":"https:\/\/www.tucomarca.com\/wordpress\/segunda\/wp-json\/wp\/v2\/posts\/43206\/revisions"}],"wp:attachment":[{"href":"https:\/\/www.tucomarca.com\/wordpress\/segunda\/wp-json\/wp\/v2\/media?parent=43206"}],"wp:term":[{"taxonomy":"category","embeddable":true,"href":"https:\/\/www.tucomarca.com\/wordpress\/segunda\/wp-json\/wp\/v2\/categories?post=43206"},{"taxonomy":"post_tag","embeddable":true,"href":"https:\/\/www.tucomarca.com\/wordpress\/segunda\/wp-json\/wp\/v2\/tags?post=43206"}],"curies":[{"name":"wp","href":"https:\/\/api.w.org\/{rel}","templated":true}]}}