{"id":43286,"date":"2016-01-15T23:02:31","date_gmt":"2016-01-15T20:02:31","guid":{"rendered":"http:\/\/www.tucomarca.com\/wordpress\/segunda\/?p=43286"},"modified":"2016-01-15T23:02:31","modified_gmt":"2016-01-15T20:02:31","slug":"cine-en-el-ideal-de-turis","status":"publish","type":"post","link":"https:\/\/www.tucomarca.com\/wordpress\/segunda\/cine-en-el-ideal-de-turis\/","title":{"rendered":"Cine en el Ideal de Tur\u00eds"},"content":{"rendered":"<p>Los amantes del cine espa\u00f1ol tienen una cita este fin de semana en el Teatre Ideal de Tur\u00eds. Aqu\u00ed est\u00e1 prevista la proyecci\u00f3n de la aclamada pel\u00edcula \u00abOcho apellidos catalanes\u00bb. Los pases est\u00e1n previstos el viernes 15 a las 22,30 horas, el s\u00e1bado 16 a la misma hora y el domingo 17 a las 18 horas. La diversi\u00f3n est\u00e1 totalmente asegurada.<\/p>\n","protected":false},"excerpt":{"rendered":"<div class=\"mh-excerpt\">Los amantes del cine espa\u00f1ol tienen una cita este fin de semana en el Teatre Ideal de Tur\u00eds. Aqu\u00ed est\u00e1 prevista la proyecci\u00f3n de la aclamada pel\u00edcula \u00abOcho apellidos catalanes\u00bb. Los pases est\u00e1n previstos el <a class=\"mh-excerpt-more\" href=\"https:\/\/www.tucomarca.com\/wordpress\/segunda\/cine-en-el-ideal-de-turis\/\" title=\"Cine en el Ideal de Tur\u00eds\">[+] <\/a><\/div>\n","protected":false},"author":2,"featured_media":0,"comment_status":"open","ping_status":"open","sticky":false,"template":"","format":"standard","meta":{"footnotes":""},"categories":[4,3],"tags":[86,9632,10394],"class_list":{"0":"post-43286","1":"post","2":"type-post","3":"status-publish","4":"format-standard","6":"category-agenda","7":"category-seccion","8":"tag-cine","9":"tag-ideal","10":"tag-turis"},"_links":{"self":[{"href":"https:\/\/www.tucomarca.com\/wordpress\/segunda\/wp-json\/wp\/v2\/posts\/43286","targetHints":{"allow":["GET"]}}],"collection":[{"href":"https:\/\/www.tucomarca.com\/wordpress\/segunda\/wp-json\/wp\/v2\/posts"}],"about":[{"href":"https:\/\/www.tucomarca.com\/wordpress\/segunda\/wp-json\/wp\/v2\/types\/post"}],"author":[{"embeddable":true,"href":"https:\/\/www.tucomarca.com\/wordpress\/segunda\/wp-json\/wp\/v2\/users\/2"}],"replies":[{"embeddable":true,"href":"https:\/\/www.tucomarca.com\/wordpress\/segunda\/wp-json\/wp\/v2\/comments?post=43286"}],"version-history":[{"count":0,"href":"https:\/\/www.tucomarca.com\/wordpress\/segunda\/wp-json\/wp\/v2\/posts\/43286\/revisions"}],"wp:attachment":[{"href":"https:\/\/www.tucomarca.com\/wordpress\/segunda\/wp-json\/wp\/v2\/media?parent=43286"}],"wp:term":[{"taxonomy":"category","embeddable":true,"href":"https:\/\/www.tucomarca.com\/wordpress\/segunda\/wp-json\/wp\/v2\/categories?post=43286"},{"taxonomy":"post_tag","embeddable":true,"href":"https:\/\/www.tucomarca.com\/wordpress\/segunda\/wp-json\/wp\/v2\/tags?post=43286"}],"curies":[{"name":"wp","href":"https:\/\/api.w.org\/{rel}","templated":true}]}}