{"id":43291,"date":"2016-01-15T23:02:51","date_gmt":"2016-01-15T20:02:51","guid":{"rendered":"http:\/\/www.tucomarca.com\/wordpress\/segunda\/?p=43291"},"modified":"2016-01-15T23:02:51","modified_gmt":"2016-01-15T20:02:51","slug":"fiesta-del-invierno-y-las-reliquias-en-godelleta","status":"publish","type":"post","link":"https:\/\/www.tucomarca.com\/wordpress\/segunda\/fiesta-del-invierno-y-las-reliquias-en-godelleta\/","title":{"rendered":"\u00abFiesta del invierno y Las Reliquias\u00bb en Godelleta"},"content":{"rendered":"<p>En Godelleta, el edil Pablo Rodr\u00edguez nos confirma que este a\u00f1o las celebraciones festivas se han convocado bajo el ep\u00edgrafe \u00abFiestas del Invierno y de las Reliquias\u00bb. As\u00ed, el s\u00e1bado 16, a las 20 horas, se encender\u00e1 la hoguera en la Plaza de Espa\u00f1a. A las 23 horas, el pabell\u00f3n multiusos acoger\u00e1 la fiesta nocturna en la que se incluye discom\u00f3vil. El domingo, a las 12 horas, comenzar\u00e1 la llamada Misa de las Reliquias, para continuar con la tradicional bendici\u00f3n de animales, en la que se incluye el reparto de roscones. Por la tarde, concretamente a las 19 horas, tendr\u00e1 lugar la procesi\u00f3n y el castillo de fuegos artificiales con el que se cerrar\u00e1 el fin de semana.<\/p>\n","protected":false},"excerpt":{"rendered":"<div class=\"mh-excerpt\">En Godelleta, el edil Pablo Rodr\u00edguez nos confirma que este a\u00f1o las celebraciones festivas se han convocado bajo el ep\u00edgrafe \u00abFiestas del Invierno y de las Reliquias\u00bb. As\u00ed, el s\u00e1bado 16, a las 20 horas, <a class=\"mh-excerpt-more\" href=\"https:\/\/www.tucomarca.com\/wordpress\/segunda\/fiesta-del-invierno-y-las-reliquias-en-godelleta\/\" title=\"\u00abFiesta del invierno y Las Reliquias\u00bb en Godelleta\">[+] <\/a><\/div>\n","protected":false},"author":2,"featured_media":0,"comment_status":"open","ping_status":"open","sticky":false,"template":"","format":"standard","meta":{"footnotes":""},"categories":[4,3],"tags":[818,10383,9823,9824],"class_list":{"0":"post-43291","1":"post","2":"type-post","3":"status-publish","4":"format-standard","6":"category-agenda","7":"category-seccion","8":"tag-fiesta","9":"tag-godelleta","10":"tag-invierno","11":"tag-reliquias"},"_links":{"self":[{"href":"https:\/\/www.tucomarca.com\/wordpress\/segunda\/wp-json\/wp\/v2\/posts\/43291","targetHints":{"allow":["GET"]}}],"collection":[{"href":"https:\/\/www.tucomarca.com\/wordpress\/segunda\/wp-json\/wp\/v2\/posts"}],"about":[{"href":"https:\/\/www.tucomarca.com\/wordpress\/segunda\/wp-json\/wp\/v2\/types\/post"}],"author":[{"embeddable":true,"href":"https:\/\/www.tucomarca.com\/wordpress\/segunda\/wp-json\/wp\/v2\/users\/2"}],"replies":[{"embeddable":true,"href":"https:\/\/www.tucomarca.com\/wordpress\/segunda\/wp-json\/wp\/v2\/comments?post=43291"}],"version-history":[{"count":0,"href":"https:\/\/www.tucomarca.com\/wordpress\/segunda\/wp-json\/wp\/v2\/posts\/43291\/revisions"}],"wp:attachment":[{"href":"https:\/\/www.tucomarca.com\/wordpress\/segunda\/wp-json\/wp\/v2\/media?parent=43291"}],"wp:term":[{"taxonomy":"category","embeddable":true,"href":"https:\/\/www.tucomarca.com\/wordpress\/segunda\/wp-json\/wp\/v2\/categories?post=43291"},{"taxonomy":"post_tag","embeddable":true,"href":"https:\/\/www.tucomarca.com\/wordpress\/segunda\/wp-json\/wp\/v2\/tags?post=43291"}],"curies":[{"name":"wp","href":"https:\/\/api.w.org\/{rel}","templated":true}]}}