{"id":4344,"date":"2012-06-28T19:31:36","date_gmt":"2012-06-28T17:31:36","guid":{"rendered":"http:\/\/www.tucomarca.com\/wordpress\/segunda\/?p=4344"},"modified":"2012-06-29T00:17:08","modified_gmt":"2012-06-28T22:17:08","slug":"un-incendio-afecta-a-los-montes-de-cortes-de-pallas-desde-las-1600-horas-de-hoy-jueves","status":"publish","type":"post","link":"https:\/\/www.tucomarca.com\/wordpress\/segunda\/un-incendio-afecta-a-los-montes-de-cortes-de-pallas-desde-las-1600-horas-de-hoy-jueves\/","title":{"rendered":"Un incendio afecta a los montes de Cortes de Pall\u00e1s desde la tarde del jueves"},"content":{"rendered":"<p style=\"text-align: center;\">&nbsp;<\/p>\n<figure id=\"attachment_4354\" aria-describedby=\"caption-attachment-4354\" style=\"width: 483px\" class=\"wp-caption aligncenter\"><a href=\"https:\/\/www.tucomarca.com\/wordpress\/segunda\/wp-content\/uploads\/2012\/06\/Cortesincendio.jpg\"><img loading=\"lazy\" decoding=\"async\" class=\"size-full wp-image-4354 \" title=\"Cortesincendio\" src=\"https:\/\/www.tucomarca.com\/wordpress\/segunda\/wp-content\/uploads\/2012\/06\/Cortesincendio.jpg\" alt=\"Una imagen del incendio de Cortes de Pall\u00e1s momentos despu\u00e9s de su inicio. \" width=\"483\" height=\"362\" srcset=\"https:\/\/www.tucomarca.com\/wordpress\/segunda\/wp-content\/uploads\/2012\/06\/Cortesincendio.jpg 604w, https:\/\/www.tucomarca.com\/wordpress\/segunda\/wp-content\/uploads\/2012\/06\/Cortesincendio-300x225.jpg 300w\" sizes=\"auto, (max-width: 483px) 100vw, 483px\" \/><\/a><figcaption id=\"caption-attachment-4354\" class=\"wp-caption-text\">Una imagen del incendio de Cortes de Pall\u00e1s momentos despu\u00e9s de su inicio. <\/figcaption><\/figure>\n<p>Un incendio afeta a los montes de Cortes de Pall\u00e1s desde las 16,00 horas de la tarde de hoy jueves, momento en el que han sido movilizados un total de\u00a0 6 medios a\u00e9reos, 5 brigadas forestales, 3 autobombas y voluntarios de Cofrentes por parte de los servicios de emergencia 112 de la Generalita Valenciana.<\/p>\n<p>Tal como han informado las mismas fuentes, a partir de las 17,30 horas se han sumado a las tareas de extinci\u00f3n otros 3 medios a\u00e9reos m\u00e1s.<\/p>\n<p>El conseller de Gobernaci\u00f3n, Seraf\u00edn Castellano, se dirige al incendio, donde a las 20,30 horas tiene previsto ofrecer una rueda de prensa aportando m\u00e1s datos sobre el siniestro, que les facilitaremos tan pronto llegen a la redacci\u00f3n de <strong>tucomarca.com<\/strong>.<\/p>\n","protected":false},"excerpt":{"rendered":"<div class=\"mh-excerpt\">&nbsp; Un incendio afeta a los montes de Cortes de Pall\u00e1s desde las 16,00 horas de la tarde de hoy jueves, momento en el que han sido movilizados un total de\u00a0 6 medios a\u00e9reos, 5 <a class=\"mh-excerpt-more\" href=\"https:\/\/www.tucomarca.com\/wordpress\/segunda\/un-incendio-afecta-a-los-montes-de-cortes-de-pallas-desde-las-1600-horas-de-hoy-jueves\/\" title=\"Un incendio afecta a los montes de Cortes de Pall\u00e1s desde la tarde del jueves\">[+] <\/a><\/div>\n","protected":false},"author":1,"featured_media":4354,"comment_status":"open","ping_status":"open","sticky":false,"template":"","format":"standard","meta":{"footnotes":""},"categories":[38,40,8,3,116,45],"tags":[],"class_list":{"0":"post-4344","1":"post","2":"type-post","3":"status-publish","4":"format-standard","5":"has-post-thumbnail","7":"category-ayora-cofrentes","8":"category-cortes-de-pallas","9":"category-la-comarca","10":"category-seccion","11":"category-sucesos-la-comarca","12":"category-ventana"},"_links":{"self":[{"href":"https:\/\/www.tucomarca.com\/wordpress\/segunda\/wp-json\/wp\/v2\/posts\/4344","targetHints":{"allow":["GET"]}}],"collection":[{"href":"https:\/\/www.tucomarca.com\/wordpress\/segunda\/wp-json\/wp\/v2\/posts"}],"about":[{"href":"https:\/\/www.tucomarca.com\/wordpress\/segunda\/wp-json\/wp\/v2\/types\/post"}],"author":[{"embeddable":true,"href":"https:\/\/www.tucomarca.com\/wordpress\/segunda\/wp-json\/wp\/v2\/users\/1"}],"replies":[{"embeddable":true,"href":"https:\/\/www.tucomarca.com\/wordpress\/segunda\/wp-json\/wp\/v2\/comments?post=4344"}],"version-history":[{"count":0,"href":"https:\/\/www.tucomarca.com\/wordpress\/segunda\/wp-json\/wp\/v2\/posts\/4344\/revisions"}],"wp:featuredmedia":[{"embeddable":true,"href":"https:\/\/www.tucomarca.com\/wordpress\/segunda\/wp-json\/wp\/v2\/media\/4354"}],"wp:attachment":[{"href":"https:\/\/www.tucomarca.com\/wordpress\/segunda\/wp-json\/wp\/v2\/media?parent=4344"}],"wp:term":[{"taxonomy":"category","embeddable":true,"href":"https:\/\/www.tucomarca.com\/wordpress\/segunda\/wp-json\/wp\/v2\/categories?post=4344"},{"taxonomy":"post_tag","embeddable":true,"href":"https:\/\/www.tucomarca.com\/wordpress\/segunda\/wp-json\/wp\/v2\/tags?post=4344"}],"curies":[{"name":"wp","href":"https:\/\/api.w.org\/{rel}","templated":true}]}}