{"id":4346,"date":"2012-06-28T21:36:23","date_gmt":"2012-06-28T19:36:23","guid":{"rendered":"http:\/\/www.tucomarca.com\/wordpress\/segunda\/?p=4346"},"modified":"2012-06-29T01:55:22","modified_gmt":"2012-06-28T23:55:22","slug":"el-incendio-de-cortes-de-pallas-obliga-a-desalojar-dos-aguas-asi-como-la-central-electrica","status":"publish","type":"post","link":"https:\/\/www.tucomarca.com\/wordpress\/segunda\/el-incendio-de-cortes-de-pallas-obliga-a-desalojar-dos-aguas-asi-como-la-central-electrica\/","title":{"rendered":"El incendio de Cortes de Pall\u00e1s obliga a desalojar Dos Aguas as\u00ed como la central el\u00e9ctrica"},"content":{"rendered":"<p style=\"text-align: center;\">\n<figure id=\"attachment_4380\" aria-describedby=\"caption-attachment-4380\" style=\"width: 491px\" class=\"wp-caption aligncenter\"><a href=\"https:\/\/www.tucomarca.com\/wordpress\/segunda\/wp-content\/uploads\/2012\/06\/LuisMigueldelBano.jpg\"><img loading=\"lazy\" decoding=\"async\" class=\"size-full wp-image-4380  \" title=\"LuisMigueldelBano\" src=\"https:\/\/www.tucomarca.com\/wordpress\/segunda\/wp-content\/uploads\/2012\/06\/LuisMigueldelBano.jpg\" alt=\"Las llamas cerca de la localidad de Dos Aguas. Foto: Luis Miguel del Ba\u00f1o.\" width=\"491\" height=\"367\" srcset=\"https:\/\/www.tucomarca.com\/wordpress\/segunda\/wp-content\/uploads\/2012\/06\/LuisMigueldelBano.jpg 1024w, https:\/\/www.tucomarca.com\/wordpress\/segunda\/wp-content\/uploads\/2012\/06\/LuisMigueldelBano-300x224.jpg 300w\" sizes=\"auto, (max-width: 491px) 100vw, 491px\" \/><\/a><figcaption id=\"caption-attachment-4380\" class=\"wp-caption-text\">Las llamas cerca de la localidad de Dos Aguas. Foto: Luis Miguel del Ba\u00f1o.<\/figcaption><\/figure>\n<p>El conseller de Gobernaci\u00f3n, Seraf\u00edn Castelllano, ha informado a \u00faltima hora de la tarde de hoy de la evoluci\u00f3n del fuego en los montes de Cortes de Pallas, siniestro que fue notificado a los servicios de emergencias a las 16,00 horas de este jueves.<\/p>\n<p>El conseller ha confirmado que \u00abla cabeza del fuego se dirige a Dos Aguas, poblaci\u00f3n que se va a desalojar por prevenci\u00f3n, por el humo\u00bb; y que la central el\u00e9ctrica de Cortes ha sido desalojada a primera hora de la tarde. Adem\u00e1s, en las tareas de extinci\u00f3n \u00abest\u00e1n trabajando 14 medios a\u00e9reos, 9 brigadas, 5 autobombas, voluntarios y 2 secciones de la UME\u00bb.<\/p>\n<div><a href=\"http:\/\/twitter.com\/gva_112cv\/status\/218422691722559488\"><strong> <\/strong><\/a>Castellano tambi\u00e9n ha informado de que los desalojados \u00abtendr\u00e1n un servicio de ERIE y nos estamos ocupando en ello\u00bb, asi como que todos los municipios \u00abtienen v\u00edas de salida, pero en estos incendios se cortan las carreteras por precauci\u00f3n\u00bb. Se trata de un incendio que ha afectado a la mayor\u00eda de la superficie es rasa, sobre todo de matorral; donde adem\u00e1s las llamas van muy r\u00e1pidas y entre ellas hay alguna zona de pinar. \u00abAhora vamos a proteger los nucleos urbanos, ya que durante la noche y ma\u00f1ana seguir\u00e1 soplando viento de poniente\u00bb.<\/div>\n<div>El responsable de la Conselleria dei Gobernaci\u00f3n tambi\u00e9n ha explicado que se est\u00e1 \u00abafrontando el IF en dos sectores: uno en zona de barranco. Y ha habido evacuaci\u00f3n de dos aldeas\u00bb, entre ellas la de El Oro, ya que \u00abestamos en unas condiciones climatologicas muy adversas para extinguir el fuego, con una humedad baja\u00bb.<\/div>\n","protected":false},"excerpt":{"rendered":"<div class=\"mh-excerpt\">El conseller de Gobernaci\u00f3n, Seraf\u00edn Castelllano, ha informado a \u00faltima hora de la tarde de hoy de la evoluci\u00f3n del fuego en los montes de Cortes de Pallas, siniestro que fue notificado a los servicios <a class=\"mh-excerpt-more\" href=\"https:\/\/www.tucomarca.com\/wordpress\/segunda\/el-incendio-de-cortes-de-pallas-obliga-a-desalojar-dos-aguas-asi-como-la-central-electrica\/\" title=\"El incendio de Cortes de Pall\u00e1s obliga a desalojar Dos Aguas as\u00ed como la central el\u00e9ctrica\">[+] <\/a><\/div>\n","protected":false},"author":1,"featured_media":4380,"comment_status":"open","ping_status":"open","sticky":false,"template":"","format":"standard","meta":{"footnotes":""},"categories":[38,18,40,8,10,3,116,45],"tags":[],"class_list":{"0":"post-4346","1":"post","2":"type-post","3":"status-publish","4":"format-standard","5":"has-post-thumbnail","7":"category-ayora-cofrentes","8":"category-bunol","9":"category-cortes-de-pallas","10":"category-la-comarca","11":"category-la-hoya","12":"category-seccion","13":"category-sucesos-la-comarca","14":"category-ventana"},"_links":{"self":[{"href":"https:\/\/www.tucomarca.com\/wordpress\/segunda\/wp-json\/wp\/v2\/posts\/4346","targetHints":{"allow":["GET"]}}],"collection":[{"href":"https:\/\/www.tucomarca.com\/wordpress\/segunda\/wp-json\/wp\/v2\/posts"}],"about":[{"href":"https:\/\/www.tucomarca.com\/wordpress\/segunda\/wp-json\/wp\/v2\/types\/post"}],"author":[{"embeddable":true,"href":"https:\/\/www.tucomarca.com\/wordpress\/segunda\/wp-json\/wp\/v2\/users\/1"}],"replies":[{"embeddable":true,"href":"https:\/\/www.tucomarca.com\/wordpress\/segunda\/wp-json\/wp\/v2\/comments?post=4346"}],"version-history":[{"count":0,"href":"https:\/\/www.tucomarca.com\/wordpress\/segunda\/wp-json\/wp\/v2\/posts\/4346\/revisions"}],"wp:featuredmedia":[{"embeddable":true,"href":"https:\/\/www.tucomarca.com\/wordpress\/segunda\/wp-json\/wp\/v2\/media\/4380"}],"wp:attachment":[{"href":"https:\/\/www.tucomarca.com\/wordpress\/segunda\/wp-json\/wp\/v2\/media?parent=4346"}],"wp:term":[{"taxonomy":"category","embeddable":true,"href":"https:\/\/www.tucomarca.com\/wordpress\/segunda\/wp-json\/wp\/v2\/categories?post=4346"},{"taxonomy":"post_tag","embeddable":true,"href":"https:\/\/www.tucomarca.com\/wordpress\/segunda\/wp-json\/wp\/v2\/tags?post=4346"}],"curies":[{"name":"wp","href":"https:\/\/api.w.org\/{rel}","templated":true}]}}