{"id":43814,"date":"2016-01-29T17:15:30","date_gmt":"2016-01-29T14:15:30","guid":{"rendered":"http:\/\/www.tucomarca.com\/wordpress\/segunda\/?p=43814"},"modified":"2016-01-29T17:15:30","modified_gmt":"2016-01-29T14:15:30","slug":"cafe-teatro-en-bunol-4","status":"publish","type":"post","link":"https:\/\/www.tucomarca.com\/wordpress\/segunda\/cafe-teatro-en-bunol-4\/","title":{"rendered":"Caf\u00e9 Teatro en Bu\u00f1ol"},"content":{"rendered":"<p>Este viernes 29 arranca en Bu\u00f1ol el Circuito Caf\u00e9 Teatro con la actuaci\u00f3n del conocido humorista \u00c1lex Mart\u00ednez. La puesta en escena acontecer\u00e1 en el Pub Wins a las 23 horas y el precio de la entrada es de apenas 3 euros.<\/p>\n<p>El ciclo de actuaciones se prolongar\u00e1 hasta el pr\u00f3ximo 26 de febrero. en \u00e9l se incluyen las actuaciones de Luci Mendoza el 5 de febrero, la de Diego Varea el d\u00eda 12, la de Dar\u00edo Piera el 19 y la de Selu XL la de La Boheme. Todas ellas comenzar\u00e1n a las 23 horas y salpicar\u00e1n de diversi\u00f3n los pub y locales de ocio de la poblaci\u00f3n.<\/p>\n<p>Esta actividad se retoma gracias al \u00e9xito que ha cosechado en los \u00faltimos a\u00f1os en la poblaci\u00f3n. La elecci\u00f3n de los artistas se confirma como un acierto, por lo que se conf\u00eda en que el p\u00fablico disfrute de cada una de las entregas programadas.<\/p>\n","protected":false},"excerpt":{"rendered":"<div class=\"mh-excerpt\">Este viernes 29 arranca en Bu\u00f1ol el Circuito Caf\u00e9 Teatro con la actuaci\u00f3n del conocido humorista \u00c1lex Mart\u00ednez. La puesta en escena acontecer\u00e1 en el Pub Wins a las 23 horas y el precio de <a class=\"mh-excerpt-more\" href=\"https:\/\/www.tucomarca.com\/wordpress\/segunda\/cafe-teatro-en-bunol-4\/\" title=\"Caf\u00e9 Teatro en Bu\u00f1ol\">[+] <\/a><\/div>\n","protected":false},"author":2,"featured_media":0,"comment_status":"open","ping_status":"open","sticky":false,"template":"","format":"standard","meta":{"footnotes":""},"categories":[4,3],"tags":[10385,613],"class_list":{"0":"post-43814","1":"post","2":"type-post","3":"status-publish","4":"format-standard","6":"category-agenda","7":"category-seccion","8":"tag-bunol","9":"tag-cafe-teatro"},"_links":{"self":[{"href":"https:\/\/www.tucomarca.com\/wordpress\/segunda\/wp-json\/wp\/v2\/posts\/43814","targetHints":{"allow":["GET"]}}],"collection":[{"href":"https:\/\/www.tucomarca.com\/wordpress\/segunda\/wp-json\/wp\/v2\/posts"}],"about":[{"href":"https:\/\/www.tucomarca.com\/wordpress\/segunda\/wp-json\/wp\/v2\/types\/post"}],"author":[{"embeddable":true,"href":"https:\/\/www.tucomarca.com\/wordpress\/segunda\/wp-json\/wp\/v2\/users\/2"}],"replies":[{"embeddable":true,"href":"https:\/\/www.tucomarca.com\/wordpress\/segunda\/wp-json\/wp\/v2\/comments?post=43814"}],"version-history":[{"count":0,"href":"https:\/\/www.tucomarca.com\/wordpress\/segunda\/wp-json\/wp\/v2\/posts\/43814\/revisions"}],"wp:attachment":[{"href":"https:\/\/www.tucomarca.com\/wordpress\/segunda\/wp-json\/wp\/v2\/media?parent=43814"}],"wp:term":[{"taxonomy":"category","embeddable":true,"href":"https:\/\/www.tucomarca.com\/wordpress\/segunda\/wp-json\/wp\/v2\/categories?post=43814"},{"taxonomy":"post_tag","embeddable":true,"href":"https:\/\/www.tucomarca.com\/wordpress\/segunda\/wp-json\/wp\/v2\/tags?post=43814"}],"curies":[{"name":"wp","href":"https:\/\/api.w.org\/{rel}","templated":true}]}}