{"id":43834,"date":"2016-01-29T16:56:43","date_gmt":"2016-01-29T13:56:43","guid":{"rendered":"http:\/\/www.tucomarca.com\/wordpress\/segunda\/?p=43834"},"modified":"2016-01-29T16:56:46","modified_gmt":"2016-01-29T13:56:46","slug":"la-guardia-civil-interviene-4-kilos-de-cocaina-en-el-interior-de-un-vehiculo-en-requena","status":"publish","type":"post","link":"https:\/\/www.tucomarca.com\/wordpress\/segunda\/la-guardia-civil-interviene-4-kilos-de-cocaina-en-el-interior-de-un-vehiculo-en-requena\/","title":{"rendered":"La Guardia Civil interviene 4 kilos de coca\u00edna  en el interior de un veh\u00edculo en Requena"},"content":{"rendered":"<p><figure id=\"attachment_43835\" aria-describedby=\"caption-attachment-43835\" style=\"width: 300px\" class=\"wp-caption alignleft\"><a href=\"https:\/\/www.tucomarca.com\/wordpress\/segunda\/2016\/01\/la-guardia-civil-interviene-4-kilos-de-cocaina-en-el-interior-de-un-vehiculo-en-requena\/dscf8431\/\" rel=\"attachment wp-att-43835\"><img loading=\"lazy\" decoding=\"async\" src=\"https:\/\/www.tucomarca.com\/wordpress\/segunda\/wp-content\/uploads\/2016\/01\/DSCF8431-e1454075777852-300x193.jpg\" alt=\"\" title=\"DSCF8431\" width=\"300\" height=\"193\" class=\"size-medium wp-image-43835\" srcset=\"https:\/\/www.tucomarca.com\/wordpress\/segunda\/wp-content\/uploads\/2016\/01\/DSCF8431-e1454075777852-300x193.jpg 300w, https:\/\/www.tucomarca.com\/wordpress\/segunda\/wp-content\/uploads\/2016\/01\/DSCF8431-e1454075777852-1024x659.jpg 1024w, https:\/\/www.tucomarca.com\/wordpress\/segunda\/wp-content\/uploads\/2016\/01\/DSCF8431-e1454075777852.jpg 2012w\" sizes=\"auto, (max-width: 300px) 100vw, 300px\" \/><\/a><figcaption id=\"caption-attachment-43835\" class=\"wp-caption-text\">Momento del registro del veh\u00edculo. tc.c<\/figcaption><\/figure>En el marco de los dispositivos establecidos de forma permanente, con el objeto de evitar el tr\u00e1fico de drogas en la provincia de Valencia, el pasado d\u00eda 26 de enero la Guardia Civil procedi\u00f3 a la detenci\u00f3n de una persona como autor de un delito de tr\u00e1fico de drogas.<br \/>\nLos hechos ocurrieron se sucedieron cuando la Guardia Civil de Tr\u00e1fico de Valencia procedi\u00f3 a la identificaci\u00f3n de una persona que circulaba en un veh\u00edculo por el t\u00e9rmino municipal de Requena. Ante las sospechas de los agentes de que pudiera portar alguna sustancia ilegal en el vehiculo solicitaron la intervenci\u00f3n del Equipo de  Polic\u00eda Judicial de la Guardia Civil de Requena. Una vez en el lugar, los agentes del Equipo de Polic\u00eda Judicial de Requena, junto con el apoyo del Servicio Cinol\u00f3gico de la Comandancia de Valencia, practicaron el registro  del citado veh\u00edculo, localizando en el interior del mismo 4 kilos de coca\u00edna, repartidos en varios paquetes.<br \/>\nEn esta actuaci\u00f3n, los agentes intervinieron 4 kilos de coca\u00edna, un veh\u00edculo y un tel\u00e9fono m\u00f3vil.<br \/>\nPor todo ello, la Guardia Civil procedi\u00f3 a la detenci\u00f3n de un var\u00f3n de 35 a\u00f1os de edad y de nacionalidad colombiana  como presunto autor de un delito de tr\u00e1fico de drogas.<br \/>\nLas diligencias han pasado a disposici\u00f3n del Juzgado de Instrucci\u00f3n n\u00famero 1 de Requena.<\/p>\n","protected":false},"excerpt":{"rendered":"<div class=\"mh-excerpt\">En el marco de los dispositivos establecidos de forma permanente, con el objeto de evitar el tr\u00e1fico de drogas en la provincia de Valencia, el pasado d\u00eda 26 de enero la Guardia Civil procedi\u00f3 a <a class=\"mh-excerpt-more\" href=\"https:\/\/www.tucomarca.com\/wordpress\/segunda\/la-guardia-civil-interviene-4-kilos-de-cocaina-en-el-interior-de-un-vehiculo-en-requena\/\" title=\"La Guardia Civil interviene 4 kilos de coca\u00edna  en el interior de un veh\u00edculo en Requena\">[+] <\/a><\/div>\n","protected":false},"author":2,"featured_media":43835,"comment_status":"open","ping_status":"open","sticky":false,"template":"","format":"standard","meta":{"footnotes":""},"categories":[8,28,27,3,116,45],"tags":[944,1098,713,10388,2619],"class_list":{"0":"post-43834","1":"post","2":"type-post","3":"status-publish","4":"format-standard","5":"has-post-thumbnail","7":"category-la-comarca","8":"category-requena","9":"category-requena-utiel","10":"category-seccion","11":"category-sucesos-la-comarca","12":"category-ventana","13":"tag-cocaina","14":"tag-guardia-civil","15":"tag-interior","16":"tag-requena","17":"tag-vehiculo"},"_links":{"self":[{"href":"https:\/\/www.tucomarca.com\/wordpress\/segunda\/wp-json\/wp\/v2\/posts\/43834","targetHints":{"allow":["GET"]}}],"collection":[{"href":"https:\/\/www.tucomarca.com\/wordpress\/segunda\/wp-json\/wp\/v2\/posts"}],"about":[{"href":"https:\/\/www.tucomarca.com\/wordpress\/segunda\/wp-json\/wp\/v2\/types\/post"}],"author":[{"embeddable":true,"href":"https:\/\/www.tucomarca.com\/wordpress\/segunda\/wp-json\/wp\/v2\/users\/2"}],"replies":[{"embeddable":true,"href":"https:\/\/www.tucomarca.com\/wordpress\/segunda\/wp-json\/wp\/v2\/comments?post=43834"}],"version-history":[{"count":0,"href":"https:\/\/www.tucomarca.com\/wordpress\/segunda\/wp-json\/wp\/v2\/posts\/43834\/revisions"}],"wp:featuredmedia":[{"embeddable":true,"href":"https:\/\/www.tucomarca.com\/wordpress\/segunda\/wp-json\/wp\/v2\/media\/43835"}],"wp:attachment":[{"href":"https:\/\/www.tucomarca.com\/wordpress\/segunda\/wp-json\/wp\/v2\/media?parent=43834"}],"wp:term":[{"taxonomy":"category","embeddable":true,"href":"https:\/\/www.tucomarca.com\/wordpress\/segunda\/wp-json\/wp\/v2\/categories?post=43834"},{"taxonomy":"post_tag","embeddable":true,"href":"https:\/\/www.tucomarca.com\/wordpress\/segunda\/wp-json\/wp\/v2\/tags?post=43834"}],"curies":[{"name":"wp","href":"https:\/\/api.w.org\/{rel}","templated":true}]}}