{"id":43850,"date":"2016-01-29T17:27:06","date_gmt":"2016-01-29T14:27:06","guid":{"rendered":"http:\/\/www.tucomarca.com\/wordpress\/segunda\/?p=43850"},"modified":"2016-01-29T17:27:06","modified_gmt":"2016-01-29T14:27:06","slug":"turis-celebra-el-dia-de-larbre-amb-la-participacio-de-mes-de-dos-cents-escolars","status":"publish","type":"post","link":"https:\/\/www.tucomarca.com\/wordpress\/segunda\/turis-celebra-el-dia-de-larbre-amb-la-participacio-de-mes-de-dos-cents-escolars\/","title":{"rendered":"Tur\u00eds celebra el dia de l&#8217;arbre amb la participaci\u00f3 de m\u00e9s de dos-cents escolars"},"content":{"rendered":"<figure id=\"attachment_43851\" aria-describedby=\"caption-attachment-43851\" style=\"width: 300px\" class=\"wp-caption alignleft\"><a href=\"https:\/\/www.tucomarca.com\/wordpress\/segunda\/wp-content\/uploads\/2016\/01\/arbre_Turis.jpg\"><img loading=\"lazy\" decoding=\"async\" class=\"size-medium wp-image-43851\" title=\"arbre_Turis\" src=\"https:\/\/www.tucomarca.com\/wordpress\/segunda\/wp-content\/uploads\/2016\/01\/arbre_Turis-300x140.jpg\" alt=\"Eugenio Forta\u00f1a e Isabel Guaita reparten los plantones entre los ni\u00f1os copia.\" width=\"300\" height=\"140\" srcset=\"https:\/\/www.tucomarca.com\/wordpress\/segunda\/wp-content\/uploads\/2016\/01\/arbre_Turis-300x140.jpg 300w, https:\/\/www.tucomarca.com\/wordpress\/segunda\/wp-content\/uploads\/2016\/01\/arbre_Turis-1024x478.jpg 1024w\" sizes=\"auto, (max-width: 300px) 100vw, 300px\" \/><\/a><figcaption id=\"caption-attachment-43851\" class=\"wp-caption-text\">Eugenio Forta\u00f1a e Isabel Guaita reparten los plantones entre los ni\u00f1os copia.<\/figcaption><\/figure>\n<p>Avui divendres m\u00e9s de 250 xiquets i xiquetes del col\u00b7legi p\u00fablic Joaqu\u00edn Mu\u00f1oz equipats amb el seu poal i la seua aixada han desafiat a les poques gotes de pluja que han caigut sobre el municipi per a protagonitzar el dia de l&#8217;arbre a Tur\u00eds.<\/p>\n<p>L&#8217;Ajuntament ha proporcionat exemplars de pins, carrasques, llentiscle i baladres que els alumnes s&#8217;han dedicat a plantar en la zona de la Calderona despr\u00e9s d&#8217;atendre a les explicacions dels operaris. Tant els professors com l\u2019Alcalde, Eugenio Forta\u00f1a, i la Regidora d\u2019Educaci\u00f3, Isabel Guaita, han col\u00b7laborat aixada en m\u00e0, convertint la zona en l&#8217;epicentre de la conscienciaci\u00f3 per a la conservaci\u00f3 i regeneraci\u00f3 de la naturalesa.<\/p>\n<p>\u201cEs tracta d&#8217;organitzar una activitat extraescolar i d&#8217;oci a trav\u00e9s de la qual s&#8217;intenta conscienciar als xiquets i xiquetes de la import\u00e0ncia de regenerar i cuidar nostre entorn natural com a base fonamental del nostre benestar\u201d, explica l&#8217;Alcalde de Tur\u00eds.<\/p>\n","protected":false},"excerpt":{"rendered":"<div class=\"mh-excerpt\">Avui divendres m\u00e9s de 250 xiquets i xiquetes del col\u00b7legi p\u00fablic Joaqu\u00edn Mu\u00f1oz equipats amb el seu poal i la seua aixada han desafiat a les poques gotes de pluja que han caigut sobre el <a class=\"mh-excerpt-more\" href=\"https:\/\/www.tucomarca.com\/wordpress\/segunda\/turis-celebra-el-dia-de-larbre-amb-la-participacio-de-mes-de-dos-cents-escolars\/\" title=\"Tur\u00eds celebra el dia de l&#8217;arbre amb la participaci\u00f3 de m\u00e9s de dos-cents escolars\">[+] <\/a><\/div>\n","protected":false},"author":1,"featured_media":43851,"comment_status":"open","ping_status":"open","sticky":false,"template":"","format":"standard","meta":{"footnotes":""},"categories":[42,7,3,43,45],"tags":[],"class_list":{"0":"post-43850","1":"post","2":"type-post","3":"status-publish","4":"format-standard","5":"has-post-thumbnail","7":"category-la-ribera","8":"category-ocio-y-cultura","9":"category-seccion","10":"category-turis","11":"category-ventana"},"_links":{"self":[{"href":"https:\/\/www.tucomarca.com\/wordpress\/segunda\/wp-json\/wp\/v2\/posts\/43850","targetHints":{"allow":["GET"]}}],"collection":[{"href":"https:\/\/www.tucomarca.com\/wordpress\/segunda\/wp-json\/wp\/v2\/posts"}],"about":[{"href":"https:\/\/www.tucomarca.com\/wordpress\/segunda\/wp-json\/wp\/v2\/types\/post"}],"author":[{"embeddable":true,"href":"https:\/\/www.tucomarca.com\/wordpress\/segunda\/wp-json\/wp\/v2\/users\/1"}],"replies":[{"embeddable":true,"href":"https:\/\/www.tucomarca.com\/wordpress\/segunda\/wp-json\/wp\/v2\/comments?post=43850"}],"version-history":[{"count":0,"href":"https:\/\/www.tucomarca.com\/wordpress\/segunda\/wp-json\/wp\/v2\/posts\/43850\/revisions"}],"wp:featuredmedia":[{"embeddable":true,"href":"https:\/\/www.tucomarca.com\/wordpress\/segunda\/wp-json\/wp\/v2\/media\/43851"}],"wp:attachment":[{"href":"https:\/\/www.tucomarca.com\/wordpress\/segunda\/wp-json\/wp\/v2\/media?parent=43850"}],"wp:term":[{"taxonomy":"category","embeddable":true,"href":"https:\/\/www.tucomarca.com\/wordpress\/segunda\/wp-json\/wp\/v2\/categories?post=43850"},{"taxonomy":"post_tag","embeddable":true,"href":"https:\/\/www.tucomarca.com\/wordpress\/segunda\/wp-json\/wp\/v2\/tags?post=43850"}],"curies":[{"name":"wp","href":"https:\/\/api.w.org\/{rel}","templated":true}]}}