{"id":43969,"date":"2016-02-03T14:23:52","date_gmt":"2016-02-03T11:23:52","guid":{"rendered":"http:\/\/www.tucomarca.com\/wordpress\/segunda\/?p=43969"},"modified":"2016-02-03T14:23:56","modified_gmt":"2016-02-03T11:23:56","slug":"el-ayuntamiento-de-requena-reivindica-el-mantenimiento-del-centro-de-conservacion-de-carreteras-ubicado-en-la-portera","status":"publish","type":"post","link":"https:\/\/www.tucomarca.com\/wordpress\/segunda\/el-ayuntamiento-de-requena-reivindica-el-mantenimiento-del-centro-de-conservacion-de-carreteras-ubicado-en-la-portera\/","title":{"rendered":"El Ayuntamiento de Requena reivindica el mantenimiento del Centro de Conservaci\u00f3n de Carreteras ubicado en La Portera"},"content":{"rendered":"<p><a href=\"https:\/\/www.tucomarca.com\/wordpress\/segunda\/2016\/02\/el-ayuntamiento-de-requena-reivindica-el-mantenimiento-del-centro-de-conservacion-de-carreteras-ubicado-en-la-portera\/requena-24\/\" rel=\"attachment wp-att-43970\"><img loading=\"lazy\" decoding=\"async\" src=\"https:\/\/www.tucomarca.com\/wordpress\/segunda\/wp-content\/uploads\/2016\/02\/requena-e1454498610867-300x191.jpg\" alt=\"\" title=\"requena\" width=\"300\" height=\"191\" class=\"alignleft size-medium wp-image-43970\" srcset=\"https:\/\/www.tucomarca.com\/wordpress\/segunda\/wp-content\/uploads\/2016\/02\/requena-e1454498610867-300x191.jpg 300w, https:\/\/www.tucomarca.com\/wordpress\/segunda\/wp-content\/uploads\/2016\/02\/requena-e1454498610867-1024x654.jpg 1024w, https:\/\/www.tucomarca.com\/wordpress\/segunda\/wp-content\/uploads\/2016\/02\/requena-e1454498610867.jpeg 1572w\" sizes=\"auto, (max-width: 300px) 100vw, 300px\" \/><\/a>El Ayuntamiento de Requena ha tenido conocimiento del posible cierre de la base de mantenimiento de carreteras (V7) ubicada en la pedan\u00eda requenense de La Portera, ante lo cual quiere manifestar su m\u00e1s firme rechazo.<\/p>\n<p>El cierre de esta base supondr\u00eda el despido de siete trabajadores, por lo que desde el consistorio requenense que se van a llevar a cabo todas las acciones oportunas para intentar evitarlo.<\/p>\n<p>Adem\u00e1s, y seg\u00fan informes del servicio de conservaci\u00f3n y explotaci\u00f3n de carreteras, las carreteras de este sector V7 tienen una idiosincrasia muy especial, marcada por la presencia de la Central Nuclear de Cofrentes en su \u00e1rea de influencia, siendo esta circunstancia muy especial ya que, seg\u00fan el protocolo de seguridad de las centrales nucleares, es prioritario mantener el servicio de los viales adyacentes en perfecto mantenimiento durante todo el a\u00f1o.<\/p>\n<p>La intenci\u00f3n del ministerio, seg\u00fan ha tenido conocimiento el Ayuntamiento de Requena, ser\u00eda la asunci\u00f3n de las labores de mantenimiento desde la base V4, ubicada en Utiel, a\u00fan destacando tambi\u00e9n que este echo supondr\u00eda una repercusi\u00f3n muy negativa en el servicio ofrecido as\u00ed como en el \u201cdrama humano\u201d para los siete trabajadores despedidos.<\/p>\n<p>Se apunta que el mantenimiento de la base V7 no es rentable, y que en estos momentos y por las condiciones orogr\u00e1ficas (especialmente de altura) del entorno de la V4, as\u00ed como por las  mayores incidencias que se registran en periodo invernal, es m\u00e1s recomendable el mantenimiento de la base de Utiel que la de La Portera.<\/p>\n<p>Por todo ello, el Ayuntamiento de Requena ha iniciado ya acciones para evitar este cierre, una de las m\u00e1s recientes, la solicitud formal para el mantenimiento de la base V7, ante Demarcaci\u00f3n de Carreteras del Estado en la Comunidad Valenciana, a trav\u00e9s del propio alcalde Mario S\u00e1nchez, alegando motivos de  seguridad de los vecinos y vecinas de Requena que diariamente utilizan las carreteras de este sector y por supuesto en defensa de los siete puestos de trabajo, cuya labor supone el sustento econ\u00f3mico de varias familias del municipio<\/p>\n","protected":false},"excerpt":{"rendered":"<div class=\"mh-excerpt\">El Ayuntamiento de Requena ha tenido conocimiento del posible cierre de la base de mantenimiento de carreteras (V7) ubicada en la pedan\u00eda requenense de La Portera, ante lo cual quiere manifestar su m\u00e1s firme rechazo. <a class=\"mh-excerpt-more\" href=\"https:\/\/www.tucomarca.com\/wordpress\/segunda\/el-ayuntamiento-de-requena-reivindica-el-mantenimiento-del-centro-de-conservacion-de-carreteras-ubicado-en-la-portera\/\" title=\"El Ayuntamiento de Requena reivindica el mantenimiento del Centro de Conservaci\u00f3n de Carreteras ubicado en La Portera\">[+] <\/a><\/div>\n","protected":false},"author":2,"featured_media":43970,"comment_status":"open","ping_status":"open","sticky":false,"template":"","format":"standard","meta":{"footnotes":""},"categories":[128,8,28,27,3],"tags":[9940,445,9941,4753,10388,9939],"class_list":{"0":"post-43969","1":"post","2":"type-post","3":"status-publish","4":"format-standard","5":"has-post-thumbnail","7":"category-infraestructuras","8":"category-la-comarca","9":"category-requena","10":"category-requena-utiel","11":"category-seccion","12":"tag-base-mantenimiento","13":"tag-carreteras","14":"tag-la-portera","15":"tag-pide","16":"tag-requena","17":"tag-se-conserve"},"_links":{"self":[{"href":"https:\/\/www.tucomarca.com\/wordpress\/segunda\/wp-json\/wp\/v2\/posts\/43969","targetHints":{"allow":["GET"]}}],"collection":[{"href":"https:\/\/www.tucomarca.com\/wordpress\/segunda\/wp-json\/wp\/v2\/posts"}],"about":[{"href":"https:\/\/www.tucomarca.com\/wordpress\/segunda\/wp-json\/wp\/v2\/types\/post"}],"author":[{"embeddable":true,"href":"https:\/\/www.tucomarca.com\/wordpress\/segunda\/wp-json\/wp\/v2\/users\/2"}],"replies":[{"embeddable":true,"href":"https:\/\/www.tucomarca.com\/wordpress\/segunda\/wp-json\/wp\/v2\/comments?post=43969"}],"version-history":[{"count":0,"href":"https:\/\/www.tucomarca.com\/wordpress\/segunda\/wp-json\/wp\/v2\/posts\/43969\/revisions"}],"wp:featuredmedia":[{"embeddable":true,"href":"https:\/\/www.tucomarca.com\/wordpress\/segunda\/wp-json\/wp\/v2\/media\/43970"}],"wp:attachment":[{"href":"https:\/\/www.tucomarca.com\/wordpress\/segunda\/wp-json\/wp\/v2\/media?parent=43969"}],"wp:term":[{"taxonomy":"category","embeddable":true,"href":"https:\/\/www.tucomarca.com\/wordpress\/segunda\/wp-json\/wp\/v2\/categories?post=43969"},{"taxonomy":"post_tag","embeddable":true,"href":"https:\/\/www.tucomarca.com\/wordpress\/segunda\/wp-json\/wp\/v2\/tags?post=43969"}],"curies":[{"name":"wp","href":"https:\/\/api.w.org\/{rel}","templated":true}]}}