{"id":44019,"date":"2016-02-04T11:39:28","date_gmt":"2016-02-04T08:39:28","guid":{"rendered":"http:\/\/www.tucomarca.com\/wordpress\/segunda\/?p=44019"},"modified":"2016-02-04T11:39:28","modified_gmt":"2016-02-04T08:39:28","slug":"ava-asaja-califica-como-agonica-la-situacion-del-sector-agricola-debido-a-la-grave-sequia","status":"publish","type":"post","link":"https:\/\/www.tucomarca.com\/wordpress\/segunda\/ava-asaja-califica-como-agonica-la-situacion-del-sector-agricola-debido-a-la-grave-sequia\/","title":{"rendered":"Ava-Asaja califica como \u00abag\u00f3nica\u00bb la situaci\u00f3n del sector agr\u00edcola debido a la \u00abgrave sequ\u00eda\u00bb"},"content":{"rendered":"<p>Seg\u00fan adelant\u00f3 este semanario en su edici\u00f3n impresa, el sector agr\u00edcola en La Hoya de Bu\u00f1ol-Chiva agoniza. La escasa pluviometr\u00eda y las altas temperaturas que se est\u00e1n registrando este invierno son dos de los problemas a los que se enfrentan los agricultores del interior.<br \/>\n\u00abLa situaci\u00f3n es cr\u00edtica, pues hace m\u00e1s de mes y medio que no llueve, lo que est\u00e1 dej\u00e1ndose notar de forma importante en las vi\u00f1as, los almendros y los c\u00edtricos. Adem\u00e1s, los acu\u00edferos se est\u00e1n agotando. El secano est\u00e1 sufriendo mucho toda esta situaci\u00f3n, por lo que urge buscar soluciones\u201d, afirma desde Ava-Asaja el chivano Armando Boullosa.<br \/>\nTanto Boullosa como la Asociaci\u00f3n Valenciana de Agricultores han lamentado que desde el estamento pol\u00edtico no se haya puesto en marcha ni una sola medida para solucionar el problema. \u00abTanto cuando gobernaba el PP como ahora que gobiernan otros partidos seguimos en la misma situaci\u00f3n. Falta agua y, lo m\u00e1s importante, apoyo institucional. Nos sentimos realmente abandonados. Estamos optimizando al m\u00e1ximo los recursos y todav\u00eda se os dice que hagamos m\u00e1s cosas. M\u00e1s no se puede hacer. O se act\u00faa pol\u00edticamente o las consecuencias ser\u00e1n desastrosas\u00bb, a\u00f1aden. Abundando en este asunto, el portavoz de Ava-Asaja recuerda que durante la campa\u00f1a electoral los partidos se pusieron con contacto con ellos para conocer las necesidades actuales, \u00abaunque posteriormente hemos visto que en sus programas electorales no se habla de ellas\u00bb.<br \/>\n\u00abEstamos cansados de palmaditas en la espalda y buenas intenciones, ya que eso no ayuda a poner fin a una coyuntura ag\u00f3nica\u00bb, concluye.<\/p>\n","protected":false},"excerpt":{"rendered":"<div class=\"mh-excerpt\">Seg\u00fan adelant\u00f3 este semanario en su edici\u00f3n impresa, el sector agr\u00edcola en La Hoya de Bu\u00f1ol-Chiva agoniza. La escasa pluviometr\u00eda y las altas temperaturas que se est\u00e1n registrando este invierno son dos de los problemas <a class=\"mh-excerpt-more\" href=\"https:\/\/www.tucomarca.com\/wordpress\/segunda\/ava-asaja-califica-como-agonica-la-situacion-del-sector-agricola-debido-a-la-grave-sequia\/\" title=\"Ava-Asaja califica como \u00abag\u00f3nica\u00bb la situaci\u00f3n del sector agr\u00edcola debido a la \u00abgrave sequ\u00eda\u00bb\">[+] <\/a><\/div>\n","protected":false},"author":2,"featured_media":0,"comment_status":"open","ping_status":"open","sticky":false,"template":"","format":"standard","meta":{"footnotes":""},"categories":[169,8,10,3],"tags":[328,9951,10384,3785,9952,2238],"class_list":{"0":"post-44019","1":"post","2":"type-post","3":"status-publish","4":"format-standard","6":"category-agricultura-la-comarca","7":"category-la-comarca","8":"category-la-hoya","9":"category-seccion","10":"tag-ava-asaja","11":"tag-boullosa","12":"tag-chiva","13":"tag-grave","14":"tag-sector-agricola","15":"tag-sequia"},"_links":{"self":[{"href":"https:\/\/www.tucomarca.com\/wordpress\/segunda\/wp-json\/wp\/v2\/posts\/44019","targetHints":{"allow":["GET"]}}],"collection":[{"href":"https:\/\/www.tucomarca.com\/wordpress\/segunda\/wp-json\/wp\/v2\/posts"}],"about":[{"href":"https:\/\/www.tucomarca.com\/wordpress\/segunda\/wp-json\/wp\/v2\/types\/post"}],"author":[{"embeddable":true,"href":"https:\/\/www.tucomarca.com\/wordpress\/segunda\/wp-json\/wp\/v2\/users\/2"}],"replies":[{"embeddable":true,"href":"https:\/\/www.tucomarca.com\/wordpress\/segunda\/wp-json\/wp\/v2\/comments?post=44019"}],"version-history":[{"count":0,"href":"https:\/\/www.tucomarca.com\/wordpress\/segunda\/wp-json\/wp\/v2\/posts\/44019\/revisions"}],"wp:attachment":[{"href":"https:\/\/www.tucomarca.com\/wordpress\/segunda\/wp-json\/wp\/v2\/media?parent=44019"}],"wp:term":[{"taxonomy":"category","embeddable":true,"href":"https:\/\/www.tucomarca.com\/wordpress\/segunda\/wp-json\/wp\/v2\/categories?post=44019"},{"taxonomy":"post_tag","embeddable":true,"href":"https:\/\/www.tucomarca.com\/wordpress\/segunda\/wp-json\/wp\/v2\/tags?post=44019"}],"curies":[{"name":"wp","href":"https:\/\/api.w.org\/{rel}","templated":true}]}}