{"id":44071,"date":"2016-02-05T21:17:01","date_gmt":"2016-02-05T18:17:01","guid":{"rendered":"http:\/\/www.tucomarca.com\/wordpress\/segunda\/?p=44071"},"modified":"2016-02-05T21:32:26","modified_gmt":"2016-02-05T18:32:26","slug":"cine-en-el-montecarlo-de-bunol-19","status":"publish","type":"post","link":"https:\/\/www.tucomarca.com\/wordpress\/segunda\/cine-en-el-montecarlo-de-bunol-19\/","title":{"rendered":"Cine en el Montecarlo de Bu\u00f1ol"},"content":{"rendered":"<p><a rel=\"attachment wp-att-44072\" href=\"https:\/\/www.tucomarca.com\/wordpress\/segunda\/2016\/02\/cine-en-el-montecarlo-de-bunol-19\/montecarlo-3\/\"><img loading=\"lazy\" decoding=\"async\" class=\"alignleft size-medium wp-image-44072\" title=\"Montecarlo\" src=\"https:\/\/www.tucomarca.com\/wordpress\/segunda\/wp-content\/uploads\/2016\/02\/Montecarlo1-212x300.jpg\" alt=\"\" width=\"212\" height=\"300\" srcset=\"https:\/\/www.tucomarca.com\/wordpress\/segunda\/wp-content\/uploads\/2016\/02\/Montecarlo1-212x300.jpg 212w, https:\/\/www.tucomarca.com\/wordpress\/segunda\/wp-content\/uploads\/2016\/02\/Montecarlo1.jpg 679w\" sizes=\"auto, (max-width: 212px) 100vw, 212px\" \/><\/a>El cine Montecarlo de Bu\u00f1ol proyecta este fin de semana la pel\u00edcula La Chica Danesa. El reconocido film se pasar\u00e1 el s\u00e1bado 6 a las 22 horas y el domingo 7 a las 19,30 horas.<\/p>\n","protected":false},"excerpt":{"rendered":"<div class=\"mh-excerpt\">El cine Montecarlo de Bu\u00f1ol proyecta este fin de semana la pel\u00edcula La Chica Danesa. El reconocido film se pasar\u00e1 el s\u00e1bado 6 a las 22 horas y el domingo 7 a las 19,30 horas.<\/div>\n","protected":false},"author":2,"featured_media":44072,"comment_status":"open","ping_status":"open","sticky":false,"template":"","format":"standard","meta":{"footnotes":""},"categories":[4,3],"tags":[10385,86,807],"class_list":{"0":"post-44071","1":"post","2":"type-post","3":"status-publish","4":"format-standard","5":"has-post-thumbnail","7":"category-agenda","8":"category-seccion","9":"tag-bunol","10":"tag-cine","11":"tag-montecarlo"},"_links":{"self":[{"href":"https:\/\/www.tucomarca.com\/wordpress\/segunda\/wp-json\/wp\/v2\/posts\/44071","targetHints":{"allow":["GET"]}}],"collection":[{"href":"https:\/\/www.tucomarca.com\/wordpress\/segunda\/wp-json\/wp\/v2\/posts"}],"about":[{"href":"https:\/\/www.tucomarca.com\/wordpress\/segunda\/wp-json\/wp\/v2\/types\/post"}],"author":[{"embeddable":true,"href":"https:\/\/www.tucomarca.com\/wordpress\/segunda\/wp-json\/wp\/v2\/users\/2"}],"replies":[{"embeddable":true,"href":"https:\/\/www.tucomarca.com\/wordpress\/segunda\/wp-json\/wp\/v2\/comments?post=44071"}],"version-history":[{"count":0,"href":"https:\/\/www.tucomarca.com\/wordpress\/segunda\/wp-json\/wp\/v2\/posts\/44071\/revisions"}],"wp:featuredmedia":[{"embeddable":true,"href":"https:\/\/www.tucomarca.com\/wordpress\/segunda\/wp-json\/wp\/v2\/media\/44072"}],"wp:attachment":[{"href":"https:\/\/www.tucomarca.com\/wordpress\/segunda\/wp-json\/wp\/v2\/media?parent=44071"}],"wp:term":[{"taxonomy":"category","embeddable":true,"href":"https:\/\/www.tucomarca.com\/wordpress\/segunda\/wp-json\/wp\/v2\/categories?post=44071"},{"taxonomy":"post_tag","embeddable":true,"href":"https:\/\/www.tucomarca.com\/wordpress\/segunda\/wp-json\/wp\/v2\/tags?post=44071"}],"curies":[{"name":"wp","href":"https:\/\/api.w.org\/{rel}","templated":true}]}}