{"id":44167,"date":"2016-02-08T20:17:47","date_gmt":"2016-02-08T17:17:47","guid":{"rendered":"http:\/\/www.tucomarca.com\/wordpress\/segunda\/?p=44167"},"modified":"2016-02-08T20:17:47","modified_gmt":"2016-02-08T17:17:47","slug":"presentacion-de-la-nueva-web-turismo-requena","status":"publish","type":"post","link":"https:\/\/www.tucomarca.com\/wordpress\/segunda\/presentacion-de-la-nueva-web-turismo-requena\/","title":{"rendered":"Presentaci\u00f3n de la nueva web Turismo Requena"},"content":{"rendered":"<p>Este martes 9 de febrero de 2016, a partir de las 19,30 horas, tendr\u00e1 lugar la presentaci\u00f3n de la nueva p\u00e1gina web Turismo Requena.<\/p>\n<p>Nuevo dise\u00f1o, y todos los contenidos tur\u00edstico \u2013 culturales del municipio que se descubrir\u00e1n ma\u00f1ana en el Espacio Cultural Feliciano A. Yeves.<\/p>\n<p>Estar\u00e1n presentes los responsables t\u00e9cnicos de la nueva p\u00e1gina, quienes explicaran los detalles y opciones m\u00e1s atractivas que se proponen a partir de ahora en www.turismorequena.es<\/p>\n<p>Junto a ellos la concejala de Turismo del Ayuntamiento de Requena Mar\u00eda Jos\u00e9 Mart\u00edn y el alcalde, Mario S\u00e1nchez.<\/p>\n","protected":false},"excerpt":{"rendered":"<div class=\"mh-excerpt\">Este martes 9 de febrero de 2016, a partir de las 19,30 horas, tendr\u00e1 lugar la presentaci\u00f3n de la nueva p\u00e1gina web Turismo Requena. Nuevo dise\u00f1o, y todos los contenidos tur\u00edstico \u2013 culturales del municipio <a class=\"mh-excerpt-more\" href=\"https:\/\/www.tucomarca.com\/wordpress\/segunda\/presentacion-de-la-nueva-web-turismo-requena\/\" title=\"Presentaci\u00f3n de la nueva web Turismo Requena\">[+] <\/a><\/div>\n","protected":false},"author":2,"featured_media":0,"comment_status":"open","ping_status":"open","sticky":false,"template":"","format":"standard","meta":{"footnotes":""},"categories":[4,3],"tags":[614,9978,1358],"class_list":{"0":"post-44167","1":"post","2":"type-post","3":"status-publish","4":"format-standard","6":"category-agenda","7":"category-seccion","8":"tag-presentacion","9":"tag-turismo-requena","10":"tag-web"},"_links":{"self":[{"href":"https:\/\/www.tucomarca.com\/wordpress\/segunda\/wp-json\/wp\/v2\/posts\/44167","targetHints":{"allow":["GET"]}}],"collection":[{"href":"https:\/\/www.tucomarca.com\/wordpress\/segunda\/wp-json\/wp\/v2\/posts"}],"about":[{"href":"https:\/\/www.tucomarca.com\/wordpress\/segunda\/wp-json\/wp\/v2\/types\/post"}],"author":[{"embeddable":true,"href":"https:\/\/www.tucomarca.com\/wordpress\/segunda\/wp-json\/wp\/v2\/users\/2"}],"replies":[{"embeddable":true,"href":"https:\/\/www.tucomarca.com\/wordpress\/segunda\/wp-json\/wp\/v2\/comments?post=44167"}],"version-history":[{"count":0,"href":"https:\/\/www.tucomarca.com\/wordpress\/segunda\/wp-json\/wp\/v2\/posts\/44167\/revisions"}],"wp:attachment":[{"href":"https:\/\/www.tucomarca.com\/wordpress\/segunda\/wp-json\/wp\/v2\/media?parent=44167"}],"wp:term":[{"taxonomy":"category","embeddable":true,"href":"https:\/\/www.tucomarca.com\/wordpress\/segunda\/wp-json\/wp\/v2\/categories?post=44167"},{"taxonomy":"post_tag","embeddable":true,"href":"https:\/\/www.tucomarca.com\/wordpress\/segunda\/wp-json\/wp\/v2\/tags?post=44167"}],"curies":[{"name":"wp","href":"https:\/\/api.w.org\/{rel}","templated":true}]}}