{"id":4425,"date":"2012-06-29T13:32:21","date_gmt":"2012-06-29T11:32:21","guid":{"rendered":"http:\/\/www.tucomarca.com\/wordpress\/segunda\/?p=4425"},"modified":"2012-06-29T14:37:15","modified_gmt":"2012-06-29T12:37:15","slug":"el-president-alberto-fabra-califica-como-%c2%abuno-de-los-mas-importantes-de-los-ultimos-anos%c2%bb-el-incendio-declarado-en-cortes-de-pallas","status":"publish","type":"post","link":"https:\/\/www.tucomarca.com\/wordpress\/segunda\/el-president-alberto-fabra-califica-como-%c2%abuno-de-los-mas-importantes-de-los-ultimos-anos%c2%bb-el-incendio-declarado-en-cortes-de-pallas\/","title":{"rendered":"El president Alberto Fabra califica como \u00abuno de los m\u00e1s importantes de los \u00faltimos a\u00f1os\u00bb el incendio declarado en Cortes de Pall\u00e1s"},"content":{"rendered":"<figure id=\"attachment_4429\" aria-describedby=\"caption-attachment-4429\" style=\"width: 300px\" class=\"wp-caption alignleft\"><a href=\"https:\/\/www.tucomarca.com\/wordpress\/segunda\/wp-content\/uploads\/2012\/06\/fabramicros.jpg\"><img loading=\"lazy\" decoding=\"async\" class=\"size-medium wp-image-4429 \" title=\"fabramicros\" src=\"https:\/\/www.tucomarca.com\/wordpress\/segunda\/wp-content\/uploads\/2012\/06\/fabramicros-300x199.jpg\" alt=\"El president Fabra ha atendido a los medios de comunicaci\u00f3n en Y\u00e1tova.\" width=\"300\" height=\"199\" \/><\/a><figcaption id=\"caption-attachment-4429\" class=\"wp-caption-text\">El president Fabra ha atendido a los medios de comunicaci\u00f3n en Y\u00e1tova.<\/figcaption><\/figure>\n<p>El president de la Generalitat, Alberto Fabra, se ha personado en el Parque de Emergencias de Y\u00e1tova esta ma\u00f1ana para conocer de primera mano las dimensiones del incendio iniciado en Cortes de Pall\u00e1s en la tarde de ayer y que en estos momentos ya afecta de lleno a los t\u00e9rminos munciipaels de Tur\u00eds, Montroy, Y\u00e1tova y Macastre.<\/p>\n<p>Precisamente en esta \u00faltima poblaci\u00f3n es donde m\u00e1s temor existe a una posible evacuaci\u00f3n, pues las llamas est\u00e1n a poco m\u00e1s de diez kil\u00f3metros y son perfectamente visibles desde el casco urbano; evacuaci\u00f3que de producirse se sumar\u00eda a la del pueblo de Dos Aguas,<\/p>\n<p>Tanto el president como el Conseller de Gobernaci\u00f3n, Seraf\u00edn Castellano, han destacado la gran labor de los servicios de emergencia, as\u00ed como la colaboraci\u00f3n de Comunidades aut\u00f3nomas vecinas como Castilla La Mancha, Murcia, Arag\u00f3n, Catalu\u00f1a y se ha ofrecido ayuda tambi\u00e9n desde Baleares.<br \/>\nLos t\u00e9rminos municipales afectados, por el momento, son los de Cortes de Pall\u00e1s, Dos Aguas, Macastre, Y\u00e1tova, Montroy y Tur\u00eds.<\/p>\n","protected":false},"excerpt":{"rendered":"<div class=\"mh-excerpt\">El president de la Generalitat, Alberto Fabra, se ha personado en el Parque de Emergencias de Y\u00e1tova esta ma\u00f1ana para conocer de primera mano las dimensiones del incendio iniciado en Cortes de Pall\u00e1s en la <a class=\"mh-excerpt-more\" href=\"https:\/\/www.tucomarca.com\/wordpress\/segunda\/el-president-alberto-fabra-califica-como-%c2%abuno-de-los-mas-importantes-de-los-ultimos-anos%c2%bb-el-incendio-declarado-en-cortes-de-pallas\/\" title=\"El president Alberto Fabra califica como \u00abuno de los m\u00e1s importantes de los \u00faltimos a\u00f1os\u00bb el incendio declarado en Cortes de Pall\u00e1s\">[+] <\/a><\/div>\n","protected":false},"author":2,"featured_media":4429,"comment_status":"open","ping_status":"open","sticky":false,"template":"","format":"standard","meta":{"footnotes":""},"categories":[38,40,8,72,10,3,45,11],"tags":[],"class_list":{"0":"post-4425","1":"post","2":"type-post","3":"status-publish","4":"format-standard","5":"has-post-thumbnail","7":"category-ayora-cofrentes","8":"category-cortes-de-pallas","9":"category-la-comarca","10":"category-sin-categorizar","11":"category-la-hoya","12":"category-seccion","13":"category-ventana","14":"category-yatova"},"_links":{"self":[{"href":"https:\/\/www.tucomarca.com\/wordpress\/segunda\/wp-json\/wp\/v2\/posts\/4425","targetHints":{"allow":["GET"]}}],"collection":[{"href":"https:\/\/www.tucomarca.com\/wordpress\/segunda\/wp-json\/wp\/v2\/posts"}],"about":[{"href":"https:\/\/www.tucomarca.com\/wordpress\/segunda\/wp-json\/wp\/v2\/types\/post"}],"author":[{"embeddable":true,"href":"https:\/\/www.tucomarca.com\/wordpress\/segunda\/wp-json\/wp\/v2\/users\/2"}],"replies":[{"embeddable":true,"href":"https:\/\/www.tucomarca.com\/wordpress\/segunda\/wp-json\/wp\/v2\/comments?post=4425"}],"version-history":[{"count":0,"href":"https:\/\/www.tucomarca.com\/wordpress\/segunda\/wp-json\/wp\/v2\/posts\/4425\/revisions"}],"wp:featuredmedia":[{"embeddable":true,"href":"https:\/\/www.tucomarca.com\/wordpress\/segunda\/wp-json\/wp\/v2\/media\/4429"}],"wp:attachment":[{"href":"https:\/\/www.tucomarca.com\/wordpress\/segunda\/wp-json\/wp\/v2\/media?parent=4425"}],"wp:term":[{"taxonomy":"category","embeddable":true,"href":"https:\/\/www.tucomarca.com\/wordpress\/segunda\/wp-json\/wp\/v2\/categories?post=4425"},{"taxonomy":"post_tag","embeddable":true,"href":"https:\/\/www.tucomarca.com\/wordpress\/segunda\/wp-json\/wp\/v2\/tags?post=4425"}],"curies":[{"name":"wp","href":"https:\/\/api.w.org\/{rel}","templated":true}]}}