{"id":4433,"date":"2012-06-29T14:04:10","date_gmt":"2012-06-29T12:04:10","guid":{"rendered":"http:\/\/www.tucomarca.com\/wordpress\/segunda\/?p=4433"},"modified":"2012-06-29T15:19:13","modified_gmt":"2012-06-29T13:19:13","slug":"fabra-cifra-en-mas-de-1-000-efectivos-terrestres-y-28-medios-aereos-los-que-trabajan-en-el-incendio-de-cortes-de-pallas-para-extinguirlo-en-el-menor-tiempo-posible","status":"publish","type":"post","link":"https:\/\/www.tucomarca.com\/wordpress\/segunda\/fabra-cifra-en-mas-de-1-000-efectivos-terrestres-y-28-medios-aereos-los-que-trabajan-en-el-incendio-de-cortes-de-pallas-para-extinguirlo-en-el-menor-tiempo-posible\/","title":{"rendered":"Fabra cifra en m\u00e1s de 1.000 efectivos terrestres y 28 medios aereos los que trabajan en el incendio de Cortes de Pall\u00e1s para extinguirlo en el menor tiempo posible"},"content":{"rendered":"<figure id=\"attachment_4434\" aria-describedby=\"caption-attachment-4434\" style=\"width: 300px\" class=\"wp-caption alignleft\"><a href=\"https:\/\/www.tucomarca.com\/wordpress\/segunda\/wp-content\/uploads\/2012\/06\/incendio_1.jpg\"><img loading=\"lazy\" decoding=\"async\" class=\"size-medium wp-image-4434 \" title=\"incendio_1\" src=\"https:\/\/www.tucomarca.com\/wordpress\/segunda\/wp-content\/uploads\/2012\/06\/incendio_1-300x194.jpg\" alt=\"El President en el Puesto de Mando Avanzado.\" width=\"300\" height=\"194\" \/><\/a><figcaption id=\"caption-attachment-4434\" class=\"wp-caption-text\">El President en el Puesto de Mando Avanzado.<\/figcaption><\/figure>\n<p>El President de la Generalitat Valenciana, Alberto Fabra, ha asegurado  que m\u00e1s de 1.000 efectivos terrestres y 28 medios aereos trabajan en el  incendio de Cortes de Pall\u00e1s para extinguirlo en el menor tiempo  posible.<\/p>\n<p>El President, que se ha desplazado hasta la zona afectada para  supervisar las tareas de extinci\u00f3n, ha declarado que \u00ab\u00e9ste es uno de  los incendios m\u00e1s importantes de los \u00faltimos a\u00f1os y las condiciones  climatol\u00f3gicas son adversas con temperaturas muy altas, con poca humedad  y mucho viento\u00bb.<\/p>\n<p>Asimismo, el jefe del Consell ha informado que las hect\u00e1reas  quemadas ascienden a m\u00e1s de 1.000 y que todos los trabajos que est\u00e1n  realizando los medios est\u00e1n enfocados a evitar que el fuego se extienda y  canalizarlo hacia una zona donde sea m\u00e1s f\u00e1cil su extinci\u00f3n para que  pueda ser controlado y extinguido.<\/p>\n<p>El President tambi\u00e9n ha agradecido a las comunidades aut\u00f3nomas  de Catalu\u00f1a, Arag\u00f3n, Castilla la Mancha, Murcia, Madrid y Baleares su  colaboraci\u00f3n y disposici\u00f3n para ayudar, as\u00ed como la de todos los  vecinos, voluntarios y alcaldes de los municipios afectados.<\/p>\n<p>Del mismo modo, Fabra ha trasladado un mensaje de tranquilidad  a los vecinos y ha asegurado que no existe ning\u00fan riesgo para las  personas que ya han sido evacuadas. Concremente, ha explicado que esta  ma\u00f1ana el n\u00famero de personas desalojadas ascend\u00eda a 700 y no ha  descartado nuevas evacuaciones a lo largo del d\u00eda.<\/p>\n<p>Por otra parte, el President ha informado que el fuego se  inici\u00f3 por una negligencia en unos trabajos de colocaci\u00f3n de placas  solares en una vivienda y r\u00e1pidamente se extendi\u00f3 con una velocidad de  propagaci\u00f3n muy alta.<\/p>\n<p>Por \u00faltimo, ha se\u00f1alado que \u00abla preocupaci\u00f3n actual es evitar  que el fuego se extienda\u00bb y ha resaltado la importancia de \u00abla  colaboraci\u00f3n y el compromiso de todos -efectivos, administraciones y  vecinos- en la lucha contra el fuego\u00bb.<\/p>\n","protected":false},"excerpt":{"rendered":"<div class=\"mh-excerpt\">El President de la Generalitat Valenciana, Alberto Fabra, ha asegurado que m\u00e1s de 1.000 efectivos terrestres y 28 medios aereos trabajan en el incendio de Cortes de Pall\u00e1s para extinguirlo en el menor tiempo posible. <a class=\"mh-excerpt-more\" href=\"https:\/\/www.tucomarca.com\/wordpress\/segunda\/fabra-cifra-en-mas-de-1-000-efectivos-terrestres-y-28-medios-aereos-los-que-trabajan-en-el-incendio-de-cortes-de-pallas-para-extinguirlo-en-el-menor-tiempo-posible\/\" title=\"Fabra cifra en m\u00e1s de 1.000 efectivos terrestres y 28 medios aereos los que trabajan en el incendio de Cortes de Pall\u00e1s para extinguirlo en el menor tiempo posible\">[+] <\/a><\/div>\n","protected":false},"author":1,"featured_media":4434,"comment_status":"open","ping_status":"open","sticky":false,"template":"","format":"standard","meta":{"footnotes":""},"categories":[38,40,15,8,10,13,3,116,45,11],"tags":[],"class_list":{"0":"post-4433","1":"post","2":"type-post","3":"status-publish","4":"format-standard","5":"has-post-thumbnail","7":"category-ayora-cofrentes","8":"category-cortes-de-pallas","9":"category-dos-aguas","10":"category-la-comarca","11":"category-la-hoya","12":"category-macastre","13":"category-seccion","14":"category-sucesos-la-comarca","15":"category-ventana","16":"category-yatova"},"_links":{"self":[{"href":"https:\/\/www.tucomarca.com\/wordpress\/segunda\/wp-json\/wp\/v2\/posts\/4433","targetHints":{"allow":["GET"]}}],"collection":[{"href":"https:\/\/www.tucomarca.com\/wordpress\/segunda\/wp-json\/wp\/v2\/posts"}],"about":[{"href":"https:\/\/www.tucomarca.com\/wordpress\/segunda\/wp-json\/wp\/v2\/types\/post"}],"author":[{"embeddable":true,"href":"https:\/\/www.tucomarca.com\/wordpress\/segunda\/wp-json\/wp\/v2\/users\/1"}],"replies":[{"embeddable":true,"href":"https:\/\/www.tucomarca.com\/wordpress\/segunda\/wp-json\/wp\/v2\/comments?post=4433"}],"version-history":[{"count":0,"href":"https:\/\/www.tucomarca.com\/wordpress\/segunda\/wp-json\/wp\/v2\/posts\/4433\/revisions"}],"wp:featuredmedia":[{"embeddable":true,"href":"https:\/\/www.tucomarca.com\/wordpress\/segunda\/wp-json\/wp\/v2\/media\/4434"}],"wp:attachment":[{"href":"https:\/\/www.tucomarca.com\/wordpress\/segunda\/wp-json\/wp\/v2\/media?parent=4433"}],"wp:term":[{"taxonomy":"category","embeddable":true,"href":"https:\/\/www.tucomarca.com\/wordpress\/segunda\/wp-json\/wp\/v2\/categories?post=4433"},{"taxonomy":"post_tag","embeddable":true,"href":"https:\/\/www.tucomarca.com\/wordpress\/segunda\/wp-json\/wp\/v2\/tags?post=4433"}],"curies":[{"name":"wp","href":"https:\/\/api.w.org\/{rel}","templated":true}]}}